{"id":3429,"date":"2022-01-11T12:31:50","date_gmt":"2022-01-11T11:31:50","guid":{"rendered":"https:\/\/agora.xtec.cat\/ieslajonquera\/?p=3429"},"modified":"2022-01-11T12:34:07","modified_gmt":"2022-01-11T11:34:07","slug":"comenca-el-periode-de-preinscripcio-del-delf","status":"publish","type":"post","link":"https:\/\/agora.xtec.cat\/ieslajonquera\/general\/comenca-el-periode-de-preinscripcio-del-delf\/","title":{"rendered":"Comen\u00e7a el per\u00edode de preinscripci\u00f3 del DELF"},"content":{"rendered":"<p style=\"text-align: justify;\"><a href=\"https:\/\/agora.xtec.cat\/ieslajonquera\/wp-content\/uploads\/usu2014\/2021\/02\/DELF.png\"><img loading=\"lazy\" decoding=\"async\" class=\"size-medium wp-image-2535 alignleft\" src=\"https:\/\/agora.xtec.cat\/ieslajonquera\/wp-content\/uploads\/usu2014\/2021\/02\/DELF-300x300.png\" alt=\"\" width=\"300\" height=\"300\" \/><\/a>El per\u00edode de preinscripci\u00f3 del DELF al nostre centre per als alumnes de 4t d&#8217;ESO i Batxibac comen\u00e7a el <strong>dimarts 11 de gener<\/strong> i acaba el <strong>divendres 21<\/strong> del mateix mes.<\/p>\n<p style=\"text-align: justify;\">Es tracta d&#8217;una prova oficial de franc\u00e8s que els alumnes preparen al centre des de la <a href=\"https:\/\/drive.google.com\/file\/d\/1h-WL6PgYhKQI1RMGxXGg7G9PgNzn2Gj9\/view?usp=sharing\">mat\u00e8ria optativa Franc\u00e8s <\/a>a 4t d&#8217;ESO i a Batxibac.<\/p>\n<p style=\"text-align: justify;\"><a href=\"https:\/\/drive.google.com\/file\/d\/1eYFSC7sdgcjiWi8jAtHupV0CDnBSM44V\/view?usp=sharing\">INFORMACI\u00d3 SOBRE EL \u201cDELF SCOLAIRE\u201d A CATALUNYA CURS 2021\/2022<\/a><\/p>\n<p style=\"text-align: justify;\">Els alumnes tenen tota la informaci\u00f3 necess\u00e0ria al Classroom de la mat\u00e8ria.<\/p>\n<p style=\"text-align: justify;\">Per qualsevol dubte, us heu d&#8217;adre\u00e7ar a la professora de Franc\u00e8s B\u00e9a Ram\u00edrez.<\/p>\n","protected":false},"excerpt":{"rendered":"<p><a href=\"https:\/\/agora.xtec.cat\/ieslajonquera\/wp-content\/uploads\/usu2014\/2021\/02\/DELF.png\"><\/a>El per\u00edode de preinscripci\u00f3 del DELF al nostre centre per als alumnes de 4t d&#8217;ESO i Batxibac comen\u00e7a el dimarts 11 de gener i acaba el divendres 21 del mateix mes.<br \/>\nEs tracta d&#8217;una prova oficial de franc\u00e8s que els alumnes preparen al centre des&hellip;  <a href=\"https:\/\/agora.xtec.cat\/ieslajonquera\/general\/comenca-el-periode-de-preinscripcio-del-delf\/\" title=\"Read Comen\u00e7a el per\u00edode de preinscripci\u00f3 del DELF\">Llegeix m\u00e9s\u00bb<\/a><\/p>\n","protected":false},"author":3,"featured_media":2535,"comment_status":"open","ping_status":"closed","sticky":false,"template":"","format":"standard","meta":{"_bbp_topic_count":0,"_bbp_reply_count":0,"_bbp_total_topic_count":0,"_bbp_total_reply_count":0,"_bbp_voice_count":0,"_bbp_anonymous_reply_count":0,"_bbp_topic_count_hidden":0,"_bbp_reply_count_hidden":0,"_bbp_forum_subforum_count":0,"footnotes":""},"categories":[1],"tags":[129],"class_list":["post-3429","post","type-post","status-publish","format-standard","has-post-thumbnail","hentry","category-general","tag-frances"],"post_mailing_queue_ids":[],"_links":{"self":[{"href":"https:\/\/agora.xtec.cat\/ieslajonquera\/wp-json\/wp\/v2\/posts\/3429","targetHints":{"allow":["GET"]}}],"collection":[{"href":"https:\/\/agora.xtec.cat\/ieslajonquera\/wp-json\/wp\/v2\/posts"}],"about":[{"href":"https:\/\/agora.xtec.cat\/ieslajonquera\/wp-json\/wp\/v2\/types\/post"}],"author":[{"embeddable":true,"href":"https:\/\/agora.xtec.cat\/ieslajonquera\/wp-json\/wp\/v2\/users\/3"}],"replies":[{"embeddable":true,"href":"https:\/\/agora.xtec.cat\/ieslajonquera\/wp-json\/wp\/v2\/comments?post=3429"}],"version-history":[{"count":3,"href":"https:\/\/agora.xtec.cat\/ieslajonquera\/wp-json\/wp\/v2\/posts\/3429\/revisions"}],"predecessor-version":[{"id":3432,"href":"https:\/\/agora.xtec.cat\/ieslajonquera\/wp-json\/wp\/v2\/posts\/3429\/revisions\/3432"}],"wp:featuredmedia":[{"embeddable":true,"href":"https:\/\/agora.xtec.cat\/ieslajonquera\/wp-json\/wp\/v2\/media\/2535"}],"wp:attachment":[{"href":"https:\/\/agora.xtec.cat\/ieslajonquera\/wp-json\/wp\/v2\/media?parent=3429"}],"wp:term":[{"taxonomy":"category","embeddable":true,"href":"https:\/\/agora.xtec.cat\/ieslajonquera\/wp-json\/wp\/v2\/categories?post=3429"},{"taxonomy":"post_tag","embeddable":true,"href":"https:\/\/agora.xtec.cat\/ieslajonquera\/wp-json\/wp\/v2\/tags?post=3429"}],"curies":[{"name":"wp","href":"https:\/\/api.w.org\/{rel}","templated":true}]}}