{"id":3392,"date":"2021-12-15T17:52:43","date_gmt":"2021-12-15T16:52:43","guid":{"rendered":"https:\/\/agora.xtec.cat\/ieslajonquera\/?p=3392"},"modified":"2021-12-15T17:54:09","modified_gmt":"2021-12-15T16:54:09","slug":"recollida-daliments","status":"publish","type":"post","link":"https:\/\/agora.xtec.cat\/ieslajonquera\/general\/recollida-daliments\/","title":{"rendered":"Campanya de recollida d&#8217;aliments"},"content":{"rendered":"<p style=\"text-align: justify;\"><a href=\"https:\/\/agora.xtec.cat\/ieslajonquera\/wp-content\/uploads\/usu2014\/2021\/12\/Colorful-Light-Turquoise-Modern-Vintage-Delivery-Back-to-Business-Landscape-Poster_page-0001-scaled.jpg\"><img loading=\"lazy\" decoding=\"async\" class=\"size-medium wp-image-3393 aligncenter\" src=\"https:\/\/agora.xtec.cat\/ieslajonquera\/wp-content\/uploads\/usu2014\/2021\/12\/Colorful-Light-Turquoise-Modern-Vintage-Delivery-Back-to-Business-Landscape-Poster_page-0001-300x212.jpg\" alt=\"\" width=\"300\" height=\"212\" \/><\/a><\/p>\n<p style=\"text-align: justify;\">Els alumnes d&#8217;Emprenedoria de 4t han organitzat una recollida d&#8217;aliments per col\u00b7laborar amb la Creu Roja. Podeu portar els seg\u00fcents aliments a &#8216;institut al llarg d&#8217;aquesta setmana: sucre, farina, pasta, arr\u00f2s, llegums, caf\u00e8 en pols, conserves de peix, conserves vegetals. El cartell l&#8217;han dissenyat els alumnes de 4t B \u00c0lex Motato i Pol Navarro.<\/p>\n<p style=\"text-align: justify;\">Gr\u00e0cies per Col\u00b7laborar-hi!<\/p>\n","protected":false},"excerpt":{"rendered":"<p><a href=\"https:\/\/agora.xtec.cat\/ieslajonquera\/wp-content\/uploads\/usu2014\/2021\/12\/Colorful-Light-Turquoise-Modern-Vintage-Delivery-Back-to-Business-Landscape-Poster_page-0001-scaled.jpg\"><\/a><br \/>\nEls alumnes d&#8217;Emprenedoria de 4t han organitzat una recollida d&#8217;aliments per col\u00b7laborar amb la Creu Roja. Podeu portar els seg\u00fcents aliments a &#8216;institut al llarg d&#8217;aquesta setmana: sucre, farina, pasta, arr\u00f2s, llegums, caf\u00e8 en pols, conserves de peix, conserves vegetals. El cartell l&#8217;han dissenyat&hellip;  <a href=\"https:\/\/agora.xtec.cat\/ieslajonquera\/general\/recollida-daliments\/\" title=\"Read Campanya de recollida d&#8217;aliments\">Llegeix m\u00e9s\u00bb<\/a><\/p>\n","protected":false},"author":3,"featured_media":0,"comment_status":"open","ping_status":"closed","sticky":false,"template":"","format":"standard","meta":{"_bbp_topic_count":0,"_bbp_reply_count":0,"_bbp_total_topic_count":0,"_bbp_total_reply_count":0,"_bbp_voice_count":0,"_bbp_anonymous_reply_count":0,"_bbp_topic_count_hidden":0,"_bbp_reply_count_hidden":0,"_bbp_forum_subforum_count":0,"footnotes":""},"categories":[1],"tags":[120,127,122],"class_list":["post-3392","post","type-post","status-publish","format-standard","hentry","category-general","tag-convivencia","tag-solidaritat","tag-valors"],"post_mailing_queue_ids":[],"_links":{"self":[{"href":"https:\/\/agora.xtec.cat\/ieslajonquera\/wp-json\/wp\/v2\/posts\/3392","targetHints":{"allow":["GET"]}}],"collection":[{"href":"https:\/\/agora.xtec.cat\/ieslajonquera\/wp-json\/wp\/v2\/posts"}],"about":[{"href":"https:\/\/agora.xtec.cat\/ieslajonquera\/wp-json\/wp\/v2\/types\/post"}],"author":[{"embeddable":true,"href":"https:\/\/agora.xtec.cat\/ieslajonquera\/wp-json\/wp\/v2\/users\/3"}],"replies":[{"embeddable":true,"href":"https:\/\/agora.xtec.cat\/ieslajonquera\/wp-json\/wp\/v2\/comments?post=3392"}],"version-history":[{"count":3,"href":"https:\/\/agora.xtec.cat\/ieslajonquera\/wp-json\/wp\/v2\/posts\/3392\/revisions"}],"predecessor-version":[{"id":3398,"href":"https:\/\/agora.xtec.cat\/ieslajonquera\/wp-json\/wp\/v2\/posts\/3392\/revisions\/3398"}],"wp:attachment":[{"href":"https:\/\/agora.xtec.cat\/ieslajonquera\/wp-json\/wp\/v2\/media?parent=3392"}],"wp:term":[{"taxonomy":"category","embeddable":true,"href":"https:\/\/agora.xtec.cat\/ieslajonquera\/wp-json\/wp\/v2\/categories?post=3392"},{"taxonomy":"post_tag","embeddable":true,"href":"https:\/\/agora.xtec.cat\/ieslajonquera\/wp-json\/wp\/v2\/tags?post=3392"}],"curies":[{"name":"wp","href":"https:\/\/api.w.org\/{rel}","templated":true}]}}