{"id":3388,"date":"2021-12-14T18:43:55","date_gmt":"2021-12-14T17:43:55","guid":{"rendered":"https:\/\/agora.xtec.cat\/ieslajonquera\/?p=3388"},"modified":"2021-12-14T18:47:50","modified_gmt":"2021-12-14T17:47:50","slug":"grues-per-la-marato-de-tv3","status":"publish","type":"post","link":"https:\/\/agora.xtec.cat\/ieslajonquera\/general\/grues-per-la-marato-de-tv3\/","title":{"rendered":"Grues per &#8220;1 origami, 1 euro&#8221;"},"content":{"rendered":"<p style=\"text-align: justify;\">Un any m\u00e9s, l&#8217;institut col\u00b7labora amb la iniciativa &#8220;1 origami, 1 euro&#8221; de la Fundaci\u00f3 MGC, que consisteix a demanar als alumnes que facin grues d&#8217;origami. Cada grua es converteix en 1 euro que va destinat a aquesta iniciativa solid\u00e0ria. En concret, en aquesta edici\u00f3, els diners recaptats s\u00f3n per Arrels Fundaci\u00f3.<\/p>\n<p style=\"text-align: justify;\"><a href=\"https:\/\/agora.xtec.cat\/ieslajonquera\/wp-content\/uploads\/usu2014\/2021\/12\/20211210_115258-scaled.jpg\"><img loading=\"lazy\" decoding=\"async\" class=\"aligncenter wp-image-3389\" src=\"https:\/\/agora.xtec.cat\/ieslajonquera\/wp-content\/uploads\/usu2014\/2021\/12\/20211210_115258-300x135.jpg\" alt=\"\" width=\"438\" height=\"197\" srcset=\"https:\/\/agora.xtec.cat\/ieslajonquera\/wp-content\/uploads\/usu2014\/2021\/12\/20211210_115258-300x135.jpg 300w, https:\/\/agora.xtec.cat\/ieslajonquera\/wp-content\/uploads\/usu2014\/2021\/12\/20211210_115258-1024x461.jpg 1024w, https:\/\/agora.xtec.cat\/ieslajonquera\/wp-content\/uploads\/usu2014\/2021\/12\/20211210_115258-768x346.jpg 768w, https:\/\/agora.xtec.cat\/ieslajonquera\/wp-content\/uploads\/usu2014\/2021\/12\/20211210_115258-1536x692.jpg 1536w, https:\/\/agora.xtec.cat\/ieslajonquera\/wp-content\/uploads\/usu2014\/2021\/12\/20211210_115258-2048x922.jpg 2048w\" sizes=\"auto, (max-width: 438px) 100vw, 438px\" \/><\/a><\/p>\n","protected":false},"excerpt":{"rendered":"<p>Un any m\u00e9s, l&#8217;institut col\u00b7labora amb la iniciativa &#8220;1 origami, 1 euro&#8221; de la Fundaci\u00f3 MGC, que consisteix a demanar als alumnes que facin grues d&#8217;origami. Cada grua es converteix en 1 euro que va destinat a aquesta iniciativa solid\u00e0ria. En concret, en aquesta edici\u00f3,&hellip;  <a href=\"https:\/\/agora.xtec.cat\/ieslajonquera\/general\/grues-per-la-marato-de-tv3\/\" title=\"Read Grues per &#8220;1 origami, 1 euro&#8221;\">Llegeix m\u00e9s\u00bb<\/a><\/p>\n","protected":false},"author":3,"featured_media":3389,"comment_status":"open","ping_status":"closed","sticky":false,"template":"","format":"standard","meta":{"_bbp_topic_count":0,"_bbp_reply_count":0,"_bbp_total_topic_count":0,"_bbp_total_reply_count":0,"_bbp_voice_count":0,"_bbp_anonymous_reply_count":0,"_bbp_topic_count_hidden":0,"_bbp_reply_count_hidden":0,"_bbp_forum_subforum_count":0,"footnotes":""},"categories":[1],"tags":[127,122],"class_list":["post-3388","post","type-post","status-publish","format-standard","has-post-thumbnail","hentry","category-general","tag-solidaritat","tag-valors"],"post_mailing_queue_ids":[],"_links":{"self":[{"href":"https:\/\/agora.xtec.cat\/ieslajonquera\/wp-json\/wp\/v2\/posts\/3388","targetHints":{"allow":["GET"]}}],"collection":[{"href":"https:\/\/agora.xtec.cat\/ieslajonquera\/wp-json\/wp\/v2\/posts"}],"about":[{"href":"https:\/\/agora.xtec.cat\/ieslajonquera\/wp-json\/wp\/v2\/types\/post"}],"author":[{"embeddable":true,"href":"https:\/\/agora.xtec.cat\/ieslajonquera\/wp-json\/wp\/v2\/users\/3"}],"replies":[{"embeddable":true,"href":"https:\/\/agora.xtec.cat\/ieslajonquera\/wp-json\/wp\/v2\/comments?post=3388"}],"version-history":[{"count":2,"href":"https:\/\/agora.xtec.cat\/ieslajonquera\/wp-json\/wp\/v2\/posts\/3388\/revisions"}],"predecessor-version":[{"id":3391,"href":"https:\/\/agora.xtec.cat\/ieslajonquera\/wp-json\/wp\/v2\/posts\/3388\/revisions\/3391"}],"wp:featuredmedia":[{"embeddable":true,"href":"https:\/\/agora.xtec.cat\/ieslajonquera\/wp-json\/wp\/v2\/media\/3389"}],"wp:attachment":[{"href":"https:\/\/agora.xtec.cat\/ieslajonquera\/wp-json\/wp\/v2\/media?parent=3388"}],"wp:term":[{"taxonomy":"category","embeddable":true,"href":"https:\/\/agora.xtec.cat\/ieslajonquera\/wp-json\/wp\/v2\/categories?post=3388"},{"taxonomy":"post_tag","embeddable":true,"href":"https:\/\/agora.xtec.cat\/ieslajonquera\/wp-json\/wp\/v2\/tags?post=3388"}],"curies":[{"name":"wp","href":"https:\/\/api.w.org\/{rel}","templated":true}]}}