{"id":3343,"date":"2021-11-22T10:00:54","date_gmt":"2021-11-22T09:00:54","guid":{"rendered":"https:\/\/agora.xtec.cat\/ieslajonquera\/?p=3343"},"modified":"2021-11-22T10:00:54","modified_gmt":"2021-11-22T09:00:54","slug":"activitats-de-la-setmana-de-la-ciencia","status":"publish","type":"post","link":"https:\/\/agora.xtec.cat\/ieslajonquera\/general\/activitats-de-la-setmana-de-la-ciencia\/","title":{"rendered":"Activitats de la Setmana de la Ci\u00e8ncia"},"content":{"rendered":"<p style=\"text-align: justify;\"><a href=\"https:\/\/agora.xtec.cat\/ieslajonquera\/wp-content\/uploads\/usu2014\/2021\/11\/1637146329545-1-rotated.jpg\"><img loading=\"lazy\" decoding=\"async\" class=\" wp-image-3344 alignleft\" src=\"https:\/\/agora.xtec.cat\/ieslajonquera\/wp-content\/uploads\/usu2014\/2021\/11\/1637146329545-1-224x300.jpg\" alt=\"\" width=\"278\" height=\"373\" srcset=\"https:\/\/agora.xtec.cat\/ieslajonquera\/wp-content\/uploads\/usu2014\/2021\/11\/1637146329545-1-224x300.jpg 224w, https:\/\/agora.xtec.cat\/ieslajonquera\/wp-content\/uploads\/usu2014\/2021\/11\/1637146329545-1-rotated.jpg 766w\" sizes=\"auto, (max-width: 278px) 100vw, 278px\" \/><\/a>Del 12 al 21 de novembre se celebra la <a href=\"https:\/\/setmanaciencia.fundaciorecerca.cat\/frontend\/home.asp\">26a Setmana de la Ci\u00e8ncia<\/a>, una iniciativa de la Fundaci\u00f3 Catalana per a la Recerca i la Innovaci\u00f3.<\/p>\n<p style=\"text-align: justify;\">A continuaci\u00f3 fem un resum de les activitats portades a terme al nostre centre, organitzades pel departament de Ci\u00e8ncies, i al voltant de la tm\u00e0tica de la Sostenibilitat:<\/p>\n<p style=\"text-align: justify;\">&#8211;<strong>Experiments<\/strong>: &#8220;<a href=\"https:\/\/drive.google.com\/drive\/folders\/1dd7SWNY3JdaDI0I4ty9Lo47a4EZw_bbm?usp=sharing\">la ci\u00e8ncia de l&#8217;aigua<\/a>&#8220;, &#8220;l&#8217;efecte de la concentraci\u00f3 de nitrats a les plantes&#8221; i &#8220;la c\u00e8l\u00b7lula&#8221;, &#8220;l&#8217;equ\u00edlibri qu\u00edmic i la seva relaci\u00f3 amb la contaminaci\u00f3 atmosf\u00e8rica&#8221;<\/p>\n<p style=\"text-align: justify;\">&#8211;<a href=\"https:\/\/drive.google.com\/drive\/folders\/1CCIiED6q6emir-1gGiaUUPvKRJrOabTz?usp=sharing\"><strong>C\u00fapules de Leonardo<\/strong><\/a>: A partir de diferents patrons geom\u00e8trics, els alumnes han aixecat c\u00fapules en qu\u00e8 les seves peces de fusta no necessitaven cap element d\u2019uni\u00f3 fixa, per\u00f2 s\u00ed el treball en equip.<\/p>\n<p style=\"text-align: justify;\">&#8211;<strong>Fotografia matem\u00e0tica<\/strong>: <a href=\"https:\/\/drive.google.com\/drive\/folders\/1A8TG-VxNr-YEj1aFa2NJF2n662KE_T6k?usp=sharing\">I Concurs de Fotografia Matem\u00e0tica dels alumnes de l&#8217;Aula d&#8217;Acollida<\/a><\/p>\n<p style=\"text-align: justify;\">&#8211;<strong>Exposicions<\/strong>: <a href=\"https:\/\/drive.google.com\/drive\/folders\/13zONlYqP1jvslnpvnNPk0A05H5wgHmKZ?usp=sharing\">visita virtual a l&#8217;ETAP<\/a> (estaci\u00f3 de Tractament d&#8217;Aigua Potable) en 3D, i exposici\u00f3 &#8220;<a href=\"https:\/\/drive.google.com\/drive\/folders\/1Q9friMFFsSK1mAjpT7cpIDqRv9DKiSiJ?usp=sharing\">Tu tens la paraula<\/a>&#8220;, a la sala polivalent, sobre l&#8217;estalvi energ\u00e8tic<\/p>\n<p style=\"text-align: justify;\">&#8211;<strong>V\u00eddeos divulgatius<\/strong>: &#8220;La huella ecol\u00f3gica del hombre&#8221;, &#8220;Residuos: no hay marcha atr\u00e1s&#8221;, &#8220;La casa sostenible&#8221;, &#8220;El problema de l&#8217;aigua&#8221;,<\/p>\n<p style=\"text-align: justify;\">&#8211;<strong>Productes reciclats<\/strong> i<strong> sostenibles<\/strong>: elaboraci\u00f3 d&#8217;un <a href=\"https:\/\/drive.google.com\/drive\/folders\/1TUrISUJDUSU0r_9wvBvEHWyozfuV5tLz?usp=sharing\">boc&#8217;n&#8217;roll<\/a> a partir d&#8217;un env\u00e0s de llet, preparaci\u00f3 d&#8217;una llimonada sense residus<\/p>\n","protected":false},"excerpt":{"rendered":"<p><a href=\"https:\/\/agora.xtec.cat\/ieslajonquera\/wp-content\/uploads\/usu2014\/2021\/11\/1637146329545-1-rotated.jpg\"><\/a>Del 12 al 21 de novembre se celebra la <a href=\"https:\/\/setmanaciencia.fundaciorecerca.cat\/frontend\/home.asp\">26a Setmana de la Ci\u00e8ncia<\/a>, una iniciativa de la Fundaci\u00f3 Catalana per a la Recerca i la Innovaci\u00f3.<br \/>\nA continuaci\u00f3 fem un resum de les activitats portades a terme al nostre centre, organitzades pel departament&hellip;  <a href=\"https:\/\/agora.xtec.cat\/ieslajonquera\/general\/activitats-de-la-setmana-de-la-ciencia\/\" title=\"Read Activitats de la Setmana de la Ci\u00e8ncia\">Llegeix m\u00e9s\u00bb<\/a><\/p>\n","protected":false},"author":3,"featured_media":3344,"comment_status":"open","ping_status":"closed","sticky":false,"template":"","format":"standard","meta":{"_bbp_topic_count":0,"_bbp_reply_count":0,"_bbp_total_topic_count":0,"_bbp_total_reply_count":0,"_bbp_voice_count":0,"_bbp_anonymous_reply_count":0,"_bbp_topic_count_hidden":0,"_bbp_reply_count_hidden":0,"_bbp_forum_subforum_count":0,"footnotes":""},"categories":[1],"tags":[117,143,106,142,147,136],"class_list":["post-3343","post","type-post","status-publish","format-standard","has-post-thumbnail","hentry","category-general","tag-biologia","tag-ciencia","tag-concurs","tag-experiments","tag-naturals","tag-quimica"],"post_mailing_queue_ids":[],"_links":{"self":[{"href":"https:\/\/agora.xtec.cat\/ieslajonquera\/wp-json\/wp\/v2\/posts\/3343","targetHints":{"allow":["GET"]}}],"collection":[{"href":"https:\/\/agora.xtec.cat\/ieslajonquera\/wp-json\/wp\/v2\/posts"}],"about":[{"href":"https:\/\/agora.xtec.cat\/ieslajonquera\/wp-json\/wp\/v2\/types\/post"}],"author":[{"embeddable":true,"href":"https:\/\/agora.xtec.cat\/ieslajonquera\/wp-json\/wp\/v2\/users\/3"}],"replies":[{"embeddable":true,"href":"https:\/\/agora.xtec.cat\/ieslajonquera\/wp-json\/wp\/v2\/comments?post=3343"}],"version-history":[{"count":1,"href":"https:\/\/agora.xtec.cat\/ieslajonquera\/wp-json\/wp\/v2\/posts\/3343\/revisions"}],"predecessor-version":[{"id":3345,"href":"https:\/\/agora.xtec.cat\/ieslajonquera\/wp-json\/wp\/v2\/posts\/3343\/revisions\/3345"}],"wp:featuredmedia":[{"embeddable":true,"href":"https:\/\/agora.xtec.cat\/ieslajonquera\/wp-json\/wp\/v2\/media\/3344"}],"wp:attachment":[{"href":"https:\/\/agora.xtec.cat\/ieslajonquera\/wp-json\/wp\/v2\/media?parent=3343"}],"wp:term":[{"taxonomy":"category","embeddable":true,"href":"https:\/\/agora.xtec.cat\/ieslajonquera\/wp-json\/wp\/v2\/categories?post=3343"},{"taxonomy":"post_tag","embeddable":true,"href":"https:\/\/agora.xtec.cat\/ieslajonquera\/wp-json\/wp\/v2\/tags?post=3343"}],"curies":[{"name":"wp","href":"https:\/\/api.w.org\/{rel}","templated":true}]}}