{"id":3294,"date":"2021-10-23T14:38:23","date_gmt":"2021-10-23T12:38:23","guid":{"rendered":"https:\/\/agora.xtec.cat\/ieslajonquera\/?p=3294"},"modified":"2021-10-23T14:39:15","modified_gmt":"2021-10-23T12:39:15","slug":"esport-adaptat-amb-mifas","status":"publish","type":"post","link":"https:\/\/agora.xtec.cat\/ieslajonquera\/general\/esport-adaptat-amb-mifas\/","title":{"rendered":"Esport adaptat amb MIFAS"},"content":{"rendered":"<p style=\"text-align: justify;\"><a href=\"https:\/\/agora.xtec.cat\/ieslajonquera\/wp-content\/uploads\/usu2014\/2021\/10\/IMG-20211023-WA0002.jpg\"><img loading=\"lazy\" decoding=\"async\" class=\"size-medium wp-image-3295 alignleft\" src=\"https:\/\/agora.xtec.cat\/ieslajonquera\/wp-content\/uploads\/usu2014\/2021\/10\/IMG-20211023-WA0002-300x225.jpg\" alt=\"\" width=\"300\" height=\"225\" srcset=\"https:\/\/agora.xtec.cat\/ieslajonquera\/wp-content\/uploads\/usu2014\/2021\/10\/IMG-20211023-WA0002-300x225.jpg 300w, https:\/\/agora.xtec.cat\/ieslajonquera\/wp-content\/uploads\/usu2014\/2021\/10\/IMG-20211023-WA0002-1024x768.jpg 1024w, https:\/\/agora.xtec.cat\/ieslajonquera\/wp-content\/uploads\/usu2014\/2021\/10\/IMG-20211023-WA0002-768x576.jpg 768w, https:\/\/agora.xtec.cat\/ieslajonquera\/wp-content\/uploads\/usu2014\/2021\/10\/IMG-20211023-WA0002-1536x1152.jpg 1536w, https:\/\/agora.xtec.cat\/ieslajonquera\/wp-content\/uploads\/usu2014\/2021\/10\/IMG-20211023-WA0002-200x150.jpg 200w, https:\/\/agora.xtec.cat\/ieslajonquera\/wp-content\/uploads\/usu2014\/2021\/10\/IMG-20211023-WA0002.jpg 1600w\" sizes=\"auto, (max-width: 300px) 100vw, 300px\" \/><\/a>Els alumnes de 3r i 4t d&#8217;ESO han tingut l&#8217;ocasi\u00f3 de participar al taller &#8220;L&#8217;esport \u00e9s per a tothom&#8221; des de la mat\u00e8ria d&#8217;Educaci\u00f3 F\u00edsica i a c\u00e0rrec d&#8217;en Carles, un dels monitors del <a href=\"https:\/\/www.mifas.cat\/ca\/area-social\/accions-de-sensibilitzacio\/no-et-frenis-la-vida\/\">Grup MIFAS<\/a>. Al llarg del taller, de dues hores de durada, han escoltat la seva experi\u00e8ncia i han practicat el b\u00e0squet en cadira de rodes. D&#8217;aquesta manera, han experimentat en primera persona les dificultats de practicar un esport adaptat i han vist que tothom en pot practicar un, siguin quines siguin les seves capacitats.<\/p>\n<p>&nbsp;<\/p>\n","protected":false},"excerpt":{"rendered":"<p><a href=\"https:\/\/agora.xtec.cat\/ieslajonquera\/wp-content\/uploads\/usu2014\/2021\/10\/IMG-20211023-WA0002.jpg\"><\/a>Els alumnes de 3r i 4t d&#8217;ESO han tingut l&#8217;ocasi\u00f3 de participar al taller &#8220;L&#8217;esport \u00e9s per a tothom&#8221; des de la mat\u00e8ria d&#8217;Educaci\u00f3 F\u00edsica i a c\u00e0rrec d&#8217;en Carles, un dels monitors del <a href=\"https:\/\/www.mifas.cat\/ca\/area-social\/accions-de-sensibilitzacio\/no-et-frenis-la-vida\/\">Grup MIFAS<\/a>. Al llarg del taller, de dues hores&hellip;  <a href=\"https:\/\/agora.xtec.cat\/ieslajonquera\/general\/esport-adaptat-amb-mifas\/\" title=\"Read Esport adaptat amb MIFAS\">Llegeix m\u00e9s\u00bb<\/a><\/p>\n","protected":false},"author":3,"featured_media":3295,"comment_status":"open","ping_status":"closed","sticky":false,"template":"","format":"standard","meta":{"_bbp_topic_count":0,"_bbp_reply_count":0,"_bbp_total_topic_count":0,"_bbp_total_reply_count":0,"_bbp_voice_count":0,"_bbp_anonymous_reply_count":0,"_bbp_topic_count_hidden":0,"_bbp_reply_count_hidden":0,"_bbp_forum_subforum_count":0,"footnotes":""},"categories":[1],"tags":[111,122],"class_list":["post-3294","post","type-post","status-publish","format-standard","has-post-thumbnail","hentry","category-general","tag-esport","tag-valors"],"post_mailing_queue_ids":[],"_links":{"self":[{"href":"https:\/\/agora.xtec.cat\/ieslajonquera\/wp-json\/wp\/v2\/posts\/3294","targetHints":{"allow":["GET"]}}],"collection":[{"href":"https:\/\/agora.xtec.cat\/ieslajonquera\/wp-json\/wp\/v2\/posts"}],"about":[{"href":"https:\/\/agora.xtec.cat\/ieslajonquera\/wp-json\/wp\/v2\/types\/post"}],"author":[{"embeddable":true,"href":"https:\/\/agora.xtec.cat\/ieslajonquera\/wp-json\/wp\/v2\/users\/3"}],"replies":[{"embeddable":true,"href":"https:\/\/agora.xtec.cat\/ieslajonquera\/wp-json\/wp\/v2\/comments?post=3294"}],"version-history":[{"count":2,"href":"https:\/\/agora.xtec.cat\/ieslajonquera\/wp-json\/wp\/v2\/posts\/3294\/revisions"}],"predecessor-version":[{"id":3297,"href":"https:\/\/agora.xtec.cat\/ieslajonquera\/wp-json\/wp\/v2\/posts\/3294\/revisions\/3297"}],"wp:featuredmedia":[{"embeddable":true,"href":"https:\/\/agora.xtec.cat\/ieslajonquera\/wp-json\/wp\/v2\/media\/3295"}],"wp:attachment":[{"href":"https:\/\/agora.xtec.cat\/ieslajonquera\/wp-json\/wp\/v2\/media?parent=3294"}],"wp:term":[{"taxonomy":"category","embeddable":true,"href":"https:\/\/agora.xtec.cat\/ieslajonquera\/wp-json\/wp\/v2\/categories?post=3294"},{"taxonomy":"post_tag","embeddable":true,"href":"https:\/\/agora.xtec.cat\/ieslajonquera\/wp-json\/wp\/v2\/tags?post=3294"}],"curies":[{"name":"wp","href":"https:\/\/api.w.org\/{rel}","templated":true}]}}