{"id":3287,"date":"2021-10-16T09:41:25","date_gmt":"2021-10-16T07:41:25","guid":{"rendered":"https:\/\/agora.xtec.cat\/ieslajonquera\/?p=3287"},"modified":"2021-10-16T09:41:25","modified_gmt":"2021-10-16T07:41:25","slug":"torna-el-projecte-i-musica-a-2n-deso","status":"publish","type":"post","link":"https:\/\/agora.xtec.cat\/ieslajonquera\/general\/torna-el-projecte-i-musica-a-2n-deso\/","title":{"rendered":"Torna el projecte I-M\u00fasica a 2n d&#8217;ESO"},"content":{"rendered":"<p style=\"text-align: justify;\"><a href=\"https:\/\/agora.xtec.cat\/ieslajonquera\/wp-content\/uploads\/usu2014\/2021\/10\/IMG-20211015-WA0015.jpg\"><img loading=\"lazy\" decoding=\"async\" class=\" wp-image-3288 alignleft\" src=\"https:\/\/agora.xtec.cat\/ieslajonquera\/wp-content\/uploads\/usu2014\/2021\/10\/IMG-20211015-WA0015-300x225.jpg\" alt=\"\" width=\"369\" height=\"277\" srcset=\"https:\/\/agora.xtec.cat\/ieslajonquera\/wp-content\/uploads\/usu2014\/2021\/10\/IMG-20211015-WA0015-300x225.jpg 300w, https:\/\/agora.xtec.cat\/ieslajonquera\/wp-content\/uploads\/usu2014\/2021\/10\/IMG-20211015-WA0015-1024x768.jpg 1024w, https:\/\/agora.xtec.cat\/ieslajonquera\/wp-content\/uploads\/usu2014\/2021\/10\/IMG-20211015-WA0015-768x576.jpg 768w, https:\/\/agora.xtec.cat\/ieslajonquera\/wp-content\/uploads\/usu2014\/2021\/10\/IMG-20211015-WA0015-1536x1152.jpg 1536w, https:\/\/agora.xtec.cat\/ieslajonquera\/wp-content\/uploads\/usu2014\/2021\/10\/IMG-20211015-WA0015-200x150.jpg 200w, https:\/\/agora.xtec.cat\/ieslajonquera\/wp-content\/uploads\/usu2014\/2021\/10\/IMG-20211015-WA0015.jpg 2048w\" sizes=\"auto, (max-width: 369px) 100vw, 369px\" \/><\/a>El projecte I-M\u00fasica \u00e9s una col\u00b7laboraci\u00f3 entre l\u2019Escola Municipal de M\u00fasica de la Jonquera i l\u2019institut en qu\u00e8 els alumnes de 1r i 2n d\u2019ESO aprenen a tocar un instrument.<\/p>\n<p style=\"text-align: justify;\">Aquest curs, els alumnes de 2n d&#8217;ESO, que el curs passat es van iniciar en la pr\u00e0ctica dels intruments de corda (viol\u00ed i violoncel), han continuat amb els mateixos instruments per tal d&#8217;aprofundir-hi una mica m\u00e9s.<\/p>\n<p style=\"text-align: justify;\">A partir del gener, si les mesures sanit\u00e0ries ho permeten, faran una introducci\u00f3 als instruments de vent i, d&#8217;aquesta manera, tancaran els primers dos cursos de l&#8217;ESO havent fet un tastet de dos instruments de dues fam\u00edlies diferents.<\/p>\n<p style=\"text-align: justify;\">Es tracta d&#8217;una novetat, ja que, fins ara, els alumnes que a 1r d&#8217;ESO comen\u00e7aven amb un instrument de corda el continuaven tocant a 2n i els alumnes del curs seg\u00fcent comen\u00e7aven amb un instrument de vent a 1r i tamb\u00e9 el continuaven tocant a 2n. Amb aquesta diversificaci\u00f3 es vol ampliar el ventall de possibilitats que ofereix el coneixement de la pr\u00e0ctica d&#8217;un instrument musical.<\/p>\n<p style=\"text-align: justify;\">\n","protected":false},"excerpt":{"rendered":"<p><a href=\"https:\/\/agora.xtec.cat\/ieslajonquera\/wp-content\/uploads\/usu2014\/2021\/10\/IMG-20211015-WA0015.jpg\"><\/a>El projecte I-M\u00fasica \u00e9s una col\u00b7laboraci\u00f3 entre l\u2019Escola Municipal de M\u00fasica de la Jonquera i l\u2019institut en qu\u00e8 els alumnes de 1r i 2n d\u2019ESO aprenen a tocar un instrument.<br \/>\nAquest curs, els alumnes de 2n d&#8217;ESO, que el curs passat es van iniciar en&hellip;  <a href=\"https:\/\/agora.xtec.cat\/ieslajonquera\/general\/torna-el-projecte-i-musica-a-2n-deso\/\" title=\"Read Torna el projecte I-M\u00fasica a 2n d&#8217;ESO\">Llegeix m\u00e9s\u00bb<\/a><\/p>\n","protected":false},"author":3,"featured_media":3288,"comment_status":"open","ping_status":"closed","sticky":false,"template":"","format":"standard","meta":{"_bbp_topic_count":0,"_bbp_reply_count":0,"_bbp_total_topic_count":0,"_bbp_total_reply_count":0,"_bbp_voice_count":0,"_bbp_anonymous_reply_count":0,"_bbp_topic_count_hidden":0,"_bbp_reply_count_hidden":0,"_bbp_forum_subforum_count":0,"footnotes":""},"categories":[1],"tags":[109,132],"class_list":["post-3287","post","type-post","status-publish","format-standard","has-post-thumbnail","hentry","category-general","tag-musica","tag-projectes"],"post_mailing_queue_ids":[],"_links":{"self":[{"href":"https:\/\/agora.xtec.cat\/ieslajonquera\/wp-json\/wp\/v2\/posts\/3287","targetHints":{"allow":["GET"]}}],"collection":[{"href":"https:\/\/agora.xtec.cat\/ieslajonquera\/wp-json\/wp\/v2\/posts"}],"about":[{"href":"https:\/\/agora.xtec.cat\/ieslajonquera\/wp-json\/wp\/v2\/types\/post"}],"author":[{"embeddable":true,"href":"https:\/\/agora.xtec.cat\/ieslajonquera\/wp-json\/wp\/v2\/users\/3"}],"replies":[{"embeddable":true,"href":"https:\/\/agora.xtec.cat\/ieslajonquera\/wp-json\/wp\/v2\/comments?post=3287"}],"version-history":[{"count":1,"href":"https:\/\/agora.xtec.cat\/ieslajonquera\/wp-json\/wp\/v2\/posts\/3287\/revisions"}],"predecessor-version":[{"id":3289,"href":"https:\/\/agora.xtec.cat\/ieslajonquera\/wp-json\/wp\/v2\/posts\/3287\/revisions\/3289"}],"wp:featuredmedia":[{"embeddable":true,"href":"https:\/\/agora.xtec.cat\/ieslajonquera\/wp-json\/wp\/v2\/media\/3288"}],"wp:attachment":[{"href":"https:\/\/agora.xtec.cat\/ieslajonquera\/wp-json\/wp\/v2\/media?parent=3287"}],"wp:term":[{"taxonomy":"category","embeddable":true,"href":"https:\/\/agora.xtec.cat\/ieslajonquera\/wp-json\/wp\/v2\/categories?post=3287"},{"taxonomy":"post_tag","embeddable":true,"href":"https:\/\/agora.xtec.cat\/ieslajonquera\/wp-json\/wp\/v2\/tags?post=3287"}],"curies":[{"name":"wp","href":"https:\/\/api.w.org\/{rel}","templated":true}]}}