{"id":3277,"date":"2021-10-13T15:45:15","date_gmt":"2021-10-13T13:45:15","guid":{"rendered":"https:\/\/agora.xtec.cat\/ieslajonquera\/?p=3277"},"modified":"2021-10-13T15:45:15","modified_gmt":"2021-10-13T13:45:15","slug":"projecte-rius-a-3r-deso-primera-inspeccio","status":"publish","type":"post","link":"https:\/\/agora.xtec.cat\/ieslajonquera\/general\/projecte-rius-a-3r-deso-primera-inspeccio\/","title":{"rendered":"Projecte Rius a 3r d&#8217;ESO: Primera inspecci\u00f3"},"content":{"rendered":"<p><a href=\"https:\/\/agora.xtec.cat\/ieslajonquera\/wp-content\/uploads\/usu2014\/2021\/10\/16341232513761-scaled.jpg\"><img loading=\"lazy\" decoding=\"async\" class=\" wp-image-3279 alignleft\" src=\"https:\/\/agora.xtec.cat\/ieslajonquera\/wp-content\/uploads\/usu2014\/2021\/10\/16341232513761-300x224.jpg\" alt=\"\" width=\"281\" height=\"210\" srcset=\"https:\/\/agora.xtec.cat\/ieslajonquera\/wp-content\/uploads\/usu2014\/2021\/10\/16341232513761-300x224.jpg 300w, https:\/\/agora.xtec.cat\/ieslajonquera\/wp-content\/uploads\/usu2014\/2021\/10\/16341232513761-1024x766.jpg 1024w, https:\/\/agora.xtec.cat\/ieslajonquera\/wp-content\/uploads\/usu2014\/2021\/10\/16341232513761-768x574.jpg 768w, https:\/\/agora.xtec.cat\/ieslajonquera\/wp-content\/uploads\/usu2014\/2021\/10\/16341232513761-1536x1149.jpg 1536w, https:\/\/agora.xtec.cat\/ieslajonquera\/wp-content\/uploads\/usu2014\/2021\/10\/16341232513761-2048x1532.jpg 2048w, https:\/\/agora.xtec.cat\/ieslajonquera\/wp-content\/uploads\/usu2014\/2021\/10\/16341232513761-200x150.jpg 200w\" sizes=\"auto, (max-width: 281px) 100vw, 281px\" \/><\/a>Per segon curs consecutiu, els alumnes de 3r d&#8217;ESO participen com a voluntaris al Projecte Rius i ja han agafat fet la primera inspecci\u00f3 al riu Llobregat al seu pas per la Jonquera (la propera inspecci\u00f3 ser\u00e0 a la primavera).<\/p>\n<div>\n<p>El Projecte Rius \u00e9s una iniciativa de l\u2019Associaci\u00f3 H\u00e0bitat, una entitat sense afany de lucre que des del 1997 treballa per apropar les persones als rius i les rieres.<\/p>\n<p>El projecte neix al Departament d\u2019Ecologia de la Universitat de Barcelona (Facultat de Biologia), on professorat i alumnes conceben una iniciativa que combina la vessant ambiental amb la social, ideant aix\u00ed un gran projecte de participaci\u00f3 ciutadana i de voluntariat ambiental per l&#8217;an\u00e0lisi, seguiment i millora dels ecosistemes fluvials.<\/p>\n<p>El Projecte Rius basa la seva tasca en tres pilars fonamentals:<\/p>\n<ul>\n<li>La import\u00e0ncia de <strong>l\u2019educaci\u00f3<\/strong> per con\u00e8ixer millor els ecosistemes aqu\u00e0tics.<\/li>\n<li>La const\u00e0ncia del treball del <strong>voluntariat<\/strong>, que vetlla per la conservaci\u00f3 d\u2019un tram de riu a l\u2019\u00e0mbit local.<\/li>\n<li>El foment de la <strong>participaci\u00f3<\/strong> ciutadana, com a eina fonamental que ens condueix cap a una societat m\u00e9s conscient i capacitada per emprendre accions de protecci\u00f3 i millora d\u2019aquests ecosistemes.<\/li>\n<\/ul>\n<\/div>\n<p>Les dades i els resultats obtinguts es podran consultar a:<\/p>\n<p><a href=\"http:\/\/www.projecterius.cat\/front\/consulteu-dades\" target=\"_blank\" rel=\"noopener\" data-saferedirecturl=\"https:\/\/www.google.com\/url?q=http:\/\/www.projecterius.cat\/front\/consulteu-dades&amp;source=gmail&amp;ust=1634218225995000&amp;usg=AFQjCNEhx_b5rWFREamPng0pWsOuN5iYGQ\">http:\/\/www.projecterius.cat\/<wbr \/>front\/consulteu-dades<\/a><\/p>\n","protected":false},"excerpt":{"rendered":"<p><a href=\"https:\/\/agora.xtec.cat\/ieslajonquera\/wp-content\/uploads\/usu2014\/2021\/10\/16341232513761-scaled.jpg\"><\/a>Per segon curs consecutiu, els alumnes de 3r d&#8217;ESO participen com a voluntaris al Projecte Rius i ja han agafat fet la primera inspecci\u00f3 al riu Llobregat al seu pas per la Jonquera (la propera inspecci\u00f3 ser\u00e0 a la primavera).<\/p>\n<p>El Projecte Rius \u00e9s una&hellip;  <a href=\"https:\/\/agora.xtec.cat\/ieslajonquera\/general\/projecte-rius-a-3r-deso-primera-inspeccio\/\" title=\"Read Projecte Rius a 3r d&#8217;ESO: Primera inspecci\u00f3\">Llegeix m\u00e9s\u00bb<\/a><\/p>\n","protected":false},"author":3,"featured_media":3279,"comment_status":"open","ping_status":"closed","sticky":false,"template":"","format":"standard","meta":{"_bbp_topic_count":0,"_bbp_reply_count":0,"_bbp_total_topic_count":0,"_bbp_total_reply_count":0,"_bbp_voice_count":0,"_bbp_anonymous_reply_count":0,"_bbp_topic_count_hidden":0,"_bbp_reply_count_hidden":0,"_bbp_forum_subforum_count":0,"footnotes":""},"categories":[1],"tags":[117,147],"class_list":["post-3277","post","type-post","status-publish","format-standard","has-post-thumbnail","hentry","category-general","tag-biologia","tag-naturals"],"post_mailing_queue_ids":[],"_links":{"self":[{"href":"https:\/\/agora.xtec.cat\/ieslajonquera\/wp-json\/wp\/v2\/posts\/3277","targetHints":{"allow":["GET"]}}],"collection":[{"href":"https:\/\/agora.xtec.cat\/ieslajonquera\/wp-json\/wp\/v2\/posts"}],"about":[{"href":"https:\/\/agora.xtec.cat\/ieslajonquera\/wp-json\/wp\/v2\/types\/post"}],"author":[{"embeddable":true,"href":"https:\/\/agora.xtec.cat\/ieslajonquera\/wp-json\/wp\/v2\/users\/3"}],"replies":[{"embeddable":true,"href":"https:\/\/agora.xtec.cat\/ieslajonquera\/wp-json\/wp\/v2\/comments?post=3277"}],"version-history":[{"count":2,"href":"https:\/\/agora.xtec.cat\/ieslajonquera\/wp-json\/wp\/v2\/posts\/3277\/revisions"}],"predecessor-version":[{"id":3280,"href":"https:\/\/agora.xtec.cat\/ieslajonquera\/wp-json\/wp\/v2\/posts\/3277\/revisions\/3280"}],"wp:featuredmedia":[{"embeddable":true,"href":"https:\/\/agora.xtec.cat\/ieslajonquera\/wp-json\/wp\/v2\/media\/3279"}],"wp:attachment":[{"href":"https:\/\/agora.xtec.cat\/ieslajonquera\/wp-json\/wp\/v2\/media?parent=3277"}],"wp:term":[{"taxonomy":"category","embeddable":true,"href":"https:\/\/agora.xtec.cat\/ieslajonquera\/wp-json\/wp\/v2\/categories?post=3277"},{"taxonomy":"post_tag","embeddable":true,"href":"https:\/\/agora.xtec.cat\/ieslajonquera\/wp-json\/wp\/v2\/tags?post=3277"}],"curies":[{"name":"wp","href":"https:\/\/api.w.org\/{rel}","templated":true}]}}