{"id":3247,"date":"2021-09-20T19:22:22","date_gmt":"2021-09-20T17:22:22","guid":{"rendered":"https:\/\/agora.xtec.cat\/ieslajonquera\/?p=3247"},"modified":"2021-09-20T19:23:11","modified_gmt":"2021-09-20T17:23:11","slug":"premi-m-angels-anglada-dauca","status":"publish","type":"post","link":"https:\/\/agora.xtec.cat\/ieslajonquera\/general\/premi-m-angels-anglada-dauca\/","title":{"rendered":"Premi M. \u00c0ngels Anglada d&#8217;Auca"},"content":{"rendered":"<p style=\"text-align: justify;\">La Marina Ribas i la Marina Andrades, de 4t A, van anar dissabte passat al teatre municipal de Roses, a recollir el Premi M. \u00c0ngels Anglada d&#8217;Auca que van guanyar el curs passat.<\/p>\n<p style=\"text-align: justify;\">Es tracta d&#8217;un premi organitzat per \u00d2mnium Cultural, el 42\u00e8 Concurs per a la Joventut de l&#8217;Alt Empord\u00e0.<\/p>\n<p><a href=\"https:\/\/agora.xtec.cat\/ieslajonquera\/wp-content\/uploads\/usu2014\/2021\/09\/IMG-20210920-WA0007.jpg\"><img loading=\"lazy\" decoding=\"async\" class=\"size-medium wp-image-3248 alignleft\" src=\"https:\/\/agora.xtec.cat\/ieslajonquera\/wp-content\/uploads\/usu2014\/2021\/09\/IMG-20210920-WA0007-225x300.jpg\" alt=\"\" width=\"225\" height=\"300\" srcset=\"https:\/\/agora.xtec.cat\/ieslajonquera\/wp-content\/uploads\/usu2014\/2021\/09\/IMG-20210920-WA0007-225x300.jpg 225w, https:\/\/agora.xtec.cat\/ieslajonquera\/wp-content\/uploads\/usu2014\/2021\/09\/IMG-20210920-WA0007.jpg 768w\" sizes=\"auto, (max-width: 225px) 100vw, 225px\" \/><\/a>Enhorabona a totes dues!<\/p>\n<p>Podeu veure m\u00e9s fotos de l&#8217;acte en aquest <a href=\"https:\/\/drive.google.com\/drive\/folders\/1ppJww8oBgGn0XFaL0p-rqRSxhuKF6EAg?usp=sharing\">enlla\u00e7<\/a>.<\/p>\n","protected":false},"excerpt":{"rendered":"<p>La Marina Ribas i la Marina Andrades, de 4t A, van anar dissabte passat al teatre municipal de Roses, a recollir el Premi M. \u00c0ngels Anglada d&#8217;Auca que van guanyar el curs passat.<br \/>\nEs tracta d&#8217;un premi organitzat per \u00d2mnium Cultural, el 42\u00e8 Concurs per a&hellip;  <a href=\"https:\/\/agora.xtec.cat\/ieslajonquera\/general\/premi-m-angels-anglada-dauca\/\" title=\"Read Premi M. \u00c0ngels Anglada d&#8217;Auca\">Llegeix m\u00e9s\u00bb<\/a><\/p>\n","protected":false},"author":3,"featured_media":3248,"comment_status":"open","ping_status":"closed","sticky":false,"template":"","format":"standard","meta":{"_bbp_topic_count":0,"_bbp_reply_count":0,"_bbp_total_topic_count":0,"_bbp_total_reply_count":0,"_bbp_voice_count":0,"_bbp_anonymous_reply_count":0,"_bbp_topic_count_hidden":0,"_bbp_reply_count_hidden":0,"_bbp_forum_subforum_count":0,"footnotes":""},"categories":[1],"tags":[106,133,57,124],"class_list":["post-3247","post","type-post","status-publish","format-standard","has-post-thumbnail","hentry","category-general","tag-concurs","tag-creativitat","tag-expressio-escrita","tag-literatura"],"post_mailing_queue_ids":[],"_links":{"self":[{"href":"https:\/\/agora.xtec.cat\/ieslajonquera\/wp-json\/wp\/v2\/posts\/3247","targetHints":{"allow":["GET"]}}],"collection":[{"href":"https:\/\/agora.xtec.cat\/ieslajonquera\/wp-json\/wp\/v2\/posts"}],"about":[{"href":"https:\/\/agora.xtec.cat\/ieslajonquera\/wp-json\/wp\/v2\/types\/post"}],"author":[{"embeddable":true,"href":"https:\/\/agora.xtec.cat\/ieslajonquera\/wp-json\/wp\/v2\/users\/3"}],"replies":[{"embeddable":true,"href":"https:\/\/agora.xtec.cat\/ieslajonquera\/wp-json\/wp\/v2\/comments?post=3247"}],"version-history":[{"count":1,"href":"https:\/\/agora.xtec.cat\/ieslajonquera\/wp-json\/wp\/v2\/posts\/3247\/revisions"}],"predecessor-version":[{"id":3249,"href":"https:\/\/agora.xtec.cat\/ieslajonquera\/wp-json\/wp\/v2\/posts\/3247\/revisions\/3249"}],"wp:featuredmedia":[{"embeddable":true,"href":"https:\/\/agora.xtec.cat\/ieslajonquera\/wp-json\/wp\/v2\/media\/3248"}],"wp:attachment":[{"href":"https:\/\/agora.xtec.cat\/ieslajonquera\/wp-json\/wp\/v2\/media?parent=3247"}],"wp:term":[{"taxonomy":"category","embeddable":true,"href":"https:\/\/agora.xtec.cat\/ieslajonquera\/wp-json\/wp\/v2\/categories?post=3247"},{"taxonomy":"post_tag","embeddable":true,"href":"https:\/\/agora.xtec.cat\/ieslajonquera\/wp-json\/wp\/v2\/tags?post=3247"}],"curies":[{"name":"wp","href":"https:\/\/api.w.org\/{rel}","templated":true}]}}