{"id":3239,"date":"2021-09-19T13:20:07","date_gmt":"2021-09-19T11:20:07","guid":{"rendered":"https:\/\/agora.xtec.cat\/ieslajonquera\/?p=3239"},"modified":"2021-09-19T13:21:13","modified_gmt":"2021-09-19T11:21:13","slug":"nova-activitat-de-dinamitzacio-dels-patis","status":"publish","type":"post","link":"https:\/\/agora.xtec.cat\/ieslajonquera\/general\/nova-activitat-de-dinamitzacio-dels-patis\/","title":{"rendered":"Nova activitat de dinamitzaci\u00f3 dels patis"},"content":{"rendered":"<p><a href=\"https:\/\/agora.xtec.cat\/ieslajonquera\/wp-content\/uploads\/usu2014\/2021\/09\/Jocs-de-taula.jpg\"><img loading=\"lazy\" decoding=\"async\" class=\" wp-image-3240 alignleft\" src=\"https:\/\/agora.xtec.cat\/ieslajonquera\/wp-content\/uploads\/usu2014\/2021\/09\/Jocs-de-taula-212x300.jpg\" alt=\"\" width=\"378\" height=\"535\" srcset=\"https:\/\/agora.xtec.cat\/ieslajonquera\/wp-content\/uploads\/usu2014\/2021\/09\/Jocs-de-taula-212x300.jpg 212w, https:\/\/agora.xtec.cat\/ieslajonquera\/wp-content\/uploads\/usu2014\/2021\/09\/Jocs-de-taula-724x1024.jpg 724w, https:\/\/agora.xtec.cat\/ieslajonquera\/wp-content\/uploads\/usu2014\/2021\/09\/Jocs-de-taula-768x1086.jpg 768w, https:\/\/agora.xtec.cat\/ieslajonquera\/wp-content\/uploads\/usu2014\/2021\/09\/Jocs-de-taula-1086x1536.jpg 1086w, https:\/\/agora.xtec.cat\/ieslajonquera\/wp-content\/uploads\/usu2014\/2021\/09\/Jocs-de-taula-1448x2048.jpg 1448w, https:\/\/agora.xtec.cat\/ieslajonquera\/wp-content\/uploads\/usu2014\/2021\/09\/Jocs-de-taula.jpg 1587w\" sizes=\"auto, (max-width: 378px) 100vw, 378px\" \/><\/a>Aquest dimarts, 21 de setembre, s&#8217;engega la nova activitat de dinamitzaci\u00f3 dels patis: &#8220;Jocs de taula&#8221;, a l&#8217;espai de lectura informal, a c\u00e0rrec de les professores del centre sara Oliver i Emma Donaire.<\/p>\n<p style=\"text-align: justify;\">Si hi esteu interessats, us hi heu d&#8217;inscriure els dilluns, a l&#8217;hora del pati, a consergeria.<\/p>\n<p style=\"text-align: justify;\">Les places s\u00f3n limitades, tot i que, en cas de no tenir pla\u00e7a, hi ha la possibilitat de passar a formar part de la llista d&#8217;espera.<\/p>\n<p style=\"text-align: justify;\">El punt de trobada dels alumnes interessats, i pr\u00e8viament inscrits, \u00e9s al vest\u00edbul. Les professores responsables de l&#8217;activitat us vindran a buscar.<\/p>\n","protected":false},"excerpt":{"rendered":"<p><a href=\"https:\/\/agora.xtec.cat\/ieslajonquera\/wp-content\/uploads\/usu2014\/2021\/09\/Jocs-de-taula.jpg\"><\/a>Aquest dimarts, 21 de setembre, s&#8217;engega la nova activitat de dinamitzaci\u00f3 dels patis: &#8220;Jocs de taula&#8221;, a l&#8217;espai de lectura informal, a c\u00e0rrec de les professores del centre sara Oliver i Emma Donaire.<br \/>\nSi hi esteu interessats, us hi heu d&#8217;inscriure els dilluns, a l&#8217;hora&hellip;  <a href=\"https:\/\/agora.xtec.cat\/ieslajonquera\/general\/nova-activitat-de-dinamitzacio-dels-patis\/\" title=\"Read Nova activitat de dinamitzaci\u00f3 dels patis\">Llegeix m\u00e9s\u00bb<\/a><\/p>\n","protected":false},"author":3,"featured_media":3240,"comment_status":"open","ping_status":"closed","sticky":false,"template":"","format":"standard","meta":{"_bbp_topic_count":0,"_bbp_reply_count":0,"_bbp_total_topic_count":0,"_bbp_total_reply_count":0,"_bbp_voice_count":0,"_bbp_anonymous_reply_count":0,"_bbp_topic_count_hidden":0,"_bbp_reply_count_hidden":0,"_bbp_forum_subforum_count":0,"footnotes":""},"categories":[1],"tags":[113,120,137],"class_list":["post-3239","post","type-post","status-publish","format-standard","has-post-thumbnail","hentry","category-general","tag-biblioteca","tag-convivencia","tag-jocs"],"post_mailing_queue_ids":[],"_links":{"self":[{"href":"https:\/\/agora.xtec.cat\/ieslajonquera\/wp-json\/wp\/v2\/posts\/3239","targetHints":{"allow":["GET"]}}],"collection":[{"href":"https:\/\/agora.xtec.cat\/ieslajonquera\/wp-json\/wp\/v2\/posts"}],"about":[{"href":"https:\/\/agora.xtec.cat\/ieslajonquera\/wp-json\/wp\/v2\/types\/post"}],"author":[{"embeddable":true,"href":"https:\/\/agora.xtec.cat\/ieslajonquera\/wp-json\/wp\/v2\/users\/3"}],"replies":[{"embeddable":true,"href":"https:\/\/agora.xtec.cat\/ieslajonquera\/wp-json\/wp\/v2\/comments?post=3239"}],"version-history":[{"count":3,"href":"https:\/\/agora.xtec.cat\/ieslajonquera\/wp-json\/wp\/v2\/posts\/3239\/revisions"}],"predecessor-version":[{"id":3243,"href":"https:\/\/agora.xtec.cat\/ieslajonquera\/wp-json\/wp\/v2\/posts\/3239\/revisions\/3243"}],"wp:featuredmedia":[{"embeddable":true,"href":"https:\/\/agora.xtec.cat\/ieslajonquera\/wp-json\/wp\/v2\/media\/3240"}],"wp:attachment":[{"href":"https:\/\/agora.xtec.cat\/ieslajonquera\/wp-json\/wp\/v2\/media?parent=3239"}],"wp:term":[{"taxonomy":"category","embeddable":true,"href":"https:\/\/agora.xtec.cat\/ieslajonquera\/wp-json\/wp\/v2\/categories?post=3239"},{"taxonomy":"post_tag","embeddable":true,"href":"https:\/\/agora.xtec.cat\/ieslajonquera\/wp-json\/wp\/v2\/tags?post=3239"}],"curies":[{"name":"wp","href":"https:\/\/api.w.org\/{rel}","templated":true}]}}