{"id":3197,"date":"2021-09-03T15:57:16","date_gmt":"2021-09-03T13:57:16","guid":{"rendered":"https:\/\/agora.xtec.cat\/ieslajonquera\/?p=3197"},"modified":"2021-09-03T16:09:05","modified_gmt":"2021-09-03T14:09:05","slug":"escoles-verdes-formacio-del-professorat","status":"publish","type":"post","link":"https:\/\/agora.xtec.cat\/ieslajonquera\/general\/escoles-verdes-formacio-del-professorat\/","title":{"rendered":"Escoles Verdes: Formaci\u00f3 del professorat"},"content":{"rendered":"<p style=\"text-align: justify;\"><a href=\"https:\/\/agora.xtec.cat\/ieslajonquera\/wp-content\/uploads\/usu2014\/2021\/09\/20210903_1023181-rotated.jpg\"><img loading=\"lazy\" decoding=\"async\" class=\"size-medium wp-image-3198 alignleft\" src=\"https:\/\/agora.xtec.cat\/ieslajonquera\/wp-content\/uploads\/usu2014\/2021\/09\/20210903_1023181-225x300.jpg\" alt=\"\" width=\"225\" height=\"300\" srcset=\"https:\/\/agora.xtec.cat\/ieslajonquera\/wp-content\/uploads\/usu2014\/2021\/09\/20210903_1023181-225x300.jpg 225w, https:\/\/agora.xtec.cat\/ieslajonquera\/wp-content\/uploads\/usu2014\/2021\/09\/20210903_1023181-rotated.jpg 768w\" sizes=\"auto, (max-width: 225px) 100vw, 225px\" \/><\/a><a href=\"http:\/\/mediambient.gencat.cat\/ca\/05_ambits_dactuacio\/educacio_i_sostenibilitat\/educacio_per_a_la_sostenibilitat\/escoles_verdes\/\">Escoles Verdes<\/a> \u00e9s un programa de la Generalitat de Catalunya que dep\u00e8n del Departament de Medi Ambient i Sostenibilitat. T\u00e9 com a objectius: ajudar els centres a incorporar els valors de l&#8217;educaci\u00f3 per a la sostenibilitat en tots els \u00e0mbits de la vida del centre (curr\u00edculum, gesti\u00f3, relacions amb l&#8217;entorn, etc.), promoure la participaci\u00f3 i la implicaci\u00f3 activa de la comunitat educativa en la millora del seu entorn i afavorir l&#8217;intercanvi entre els centres que comparteixen uns mateixos objectius.<\/p>\n<p style=\"text-align: justify;\">Des del centre s&#8217;est\u00e0 treballant per esdevenir Escola Verda i, en aquest context, el professorat ha assistit a una jornada de formaci\u00f3 per tal de con\u00e8ixer el programa.<\/p>\n","protected":false},"excerpt":{"rendered":"<p><a href=\"https:\/\/agora.xtec.cat\/ieslajonquera\/wp-content\/uploads\/usu2014\/2021\/09\/20210903_1023181-rotated.jpg\"><\/a><a href=\"http:\/\/mediambient.gencat.cat\/ca\/05_ambits_dactuacio\/educacio_i_sostenibilitat\/educacio_per_a_la_sostenibilitat\/escoles_verdes\/\">Escoles Verdes<\/a> \u00e9s un programa de la Generalitat de Catalunya que dep\u00e8n del Departament de Medi Ambient i Sostenibilitat. T\u00e9 com a objectius: ajudar els centres a incorporar els valors de l&#8217;educaci\u00f3 per a la sostenibilitat en tots els \u00e0mbits de la vida&hellip;  <a href=\"https:\/\/agora.xtec.cat\/ieslajonquera\/general\/escoles-verdes-formacio-del-professorat\/\" title=\"Read Escoles Verdes: Formaci\u00f3 del professorat\">Llegeix m\u00e9s\u00bb<\/a><\/p>\n","protected":false},"author":3,"featured_media":3198,"comment_status":"open","ping_status":"closed","sticky":false,"template":"","format":"standard","meta":{"_bbp_topic_count":0,"_bbp_reply_count":0,"_bbp_total_topic_count":0,"_bbp_total_reply_count":0,"_bbp_voice_count":0,"_bbp_anonymous_reply_count":0,"_bbp_topic_count_hidden":0,"_bbp_reply_count_hidden":0,"_bbp_forum_subforum_count":0,"footnotes":""},"categories":[1],"tags":[128,122],"class_list":["post-3197","post","type-post","status-publish","format-standard","has-post-thumbnail","hentry","category-general","tag-sostenibilitat","tag-valors"],"post_mailing_queue_ids":[],"_links":{"self":[{"href":"https:\/\/agora.xtec.cat\/ieslajonquera\/wp-json\/wp\/v2\/posts\/3197","targetHints":{"allow":["GET"]}}],"collection":[{"href":"https:\/\/agora.xtec.cat\/ieslajonquera\/wp-json\/wp\/v2\/posts"}],"about":[{"href":"https:\/\/agora.xtec.cat\/ieslajonquera\/wp-json\/wp\/v2\/types\/post"}],"author":[{"embeddable":true,"href":"https:\/\/agora.xtec.cat\/ieslajonquera\/wp-json\/wp\/v2\/users\/3"}],"replies":[{"embeddable":true,"href":"https:\/\/agora.xtec.cat\/ieslajonquera\/wp-json\/wp\/v2\/comments?post=3197"}],"version-history":[{"count":3,"href":"https:\/\/agora.xtec.cat\/ieslajonquera\/wp-json\/wp\/v2\/posts\/3197\/revisions"}],"predecessor-version":[{"id":3201,"href":"https:\/\/agora.xtec.cat\/ieslajonquera\/wp-json\/wp\/v2\/posts\/3197\/revisions\/3201"}],"wp:featuredmedia":[{"embeddable":true,"href":"https:\/\/agora.xtec.cat\/ieslajonquera\/wp-json\/wp\/v2\/media\/3198"}],"wp:attachment":[{"href":"https:\/\/agora.xtec.cat\/ieslajonquera\/wp-json\/wp\/v2\/media?parent=3197"}],"wp:term":[{"taxonomy":"category","embeddable":true,"href":"https:\/\/agora.xtec.cat\/ieslajonquera\/wp-json\/wp\/v2\/categories?post=3197"},{"taxonomy":"post_tag","embeddable":true,"href":"https:\/\/agora.xtec.cat\/ieslajonquera\/wp-json\/wp\/v2\/tags?post=3197"}],"curies":[{"name":"wp","href":"https:\/\/api.w.org\/{rel}","templated":true}]}}