{"id":3049,"date":"2021-06-23T18:48:36","date_gmt":"2021-06-23T16:48:36","guid":{"rendered":"https:\/\/agora.xtec.cat\/ieslajonquera\/?p=3049"},"modified":"2021-06-23T18:48:36","modified_gmt":"2021-06-23T16:48:36","slug":"festa-de-graduacio-de-4t-deso","status":"publish","type":"post","link":"https:\/\/agora.xtec.cat\/ieslajonquera\/general\/festa-de-graduacio-de-4t-deso\/","title":{"rendered":"Festa de graduaci\u00f3 de 4t d&#8217;ESO"},"content":{"rendered":"<p style=\"text-align: justify;\">La festa de graduaci\u00f3 dels alumnes de 4t d&#8217;ESO, que es va celebrar el dimarts 22 de juny, va tenir diferents intervencions presentades pels alumnes N\u00faria L\u00f3pez del Amo i Ilias Zegaf: els discursos de la Laura Espinosa (la directora), l&#8217;Olga Tribulietx i l&#8217;Elena \u00dabeda (les dues tutores) i l&#8217;Ilias Zegaf (un alumne de 4t d&#8217;ESO), l&#8217;espectacle de ball de les germanes Carla i \u00c0gata Rod\u00e0 (alumnes de 1r de Batxillerat) i la interpretaci\u00f3 d&#8217;una can\u00e7\u00f3 per part de la Judit Casanovas (una alumna de 4t d&#8217;ESO). A m\u00e9s a m\u00e9s, els alumnes van projectar dos v\u00eddeos que havien preparat: un del pas per l&#8217;institut i un altre del viatge de fi de curs de 4t d&#8217;ESO a PortAventura.<\/p>\n<p>Els desitgem el millor en aquesta nova etapa que comen\u00e7a!<\/p>\n<p><a href=\"https:\/\/agora.xtec.cat\/ieslajonquera\/wp-content\/uploads\/usu2014\/2021\/06\/IMG-20210622-WA0028.jpg\"><img loading=\"lazy\" decoding=\"async\" class=\"size-medium wp-image-3050 alignleft\" src=\"https:\/\/agora.xtec.cat\/ieslajonquera\/wp-content\/uploads\/usu2014\/2021\/06\/IMG-20210622-WA0028-300x160.jpg\" alt=\"\" width=\"300\" height=\"160\" srcset=\"https:\/\/agora.xtec.cat\/ieslajonquera\/wp-content\/uploads\/usu2014\/2021\/06\/IMG-20210622-WA0028-300x160.jpg 300w, https:\/\/agora.xtec.cat\/ieslajonquera\/wp-content\/uploads\/usu2014\/2021\/06\/IMG-20210622-WA0028-768x410.jpg 768w, https:\/\/agora.xtec.cat\/ieslajonquera\/wp-content\/uploads\/usu2014\/2021\/06\/IMG-20210622-WA0028-1024x546.jpg 1024w, https:\/\/agora.xtec.cat\/ieslajonquera\/wp-content\/uploads\/usu2014\/2021\/06\/IMG-20210622-WA0028.jpg 2048w\" sizes=\"auto, (max-width: 300px) 100vw, 300px\" \/><\/a> <a href=\"https:\/\/agora.xtec.cat\/ieslajonquera\/wp-content\/uploads\/usu2014\/2021\/06\/IMG-20210622-WA0025.jpg\"><img loading=\"lazy\" decoding=\"async\" class=\"size-medium wp-image-3051 alignleft\" src=\"https:\/\/agora.xtec.cat\/ieslajonquera\/wp-content\/uploads\/usu2014\/2021\/06\/IMG-20210622-WA0025-300x225.jpg\" alt=\"\" width=\"300\" height=\"225\" srcset=\"https:\/\/agora.xtec.cat\/ieslajonquera\/wp-content\/uploads\/usu2014\/2021\/06\/IMG-20210622-WA0025-300x225.jpg 300w, https:\/\/agora.xtec.cat\/ieslajonquera\/wp-content\/uploads\/usu2014\/2021\/06\/IMG-20210622-WA0025-768x576.jpg 768w, https:\/\/agora.xtec.cat\/ieslajonquera\/wp-content\/uploads\/usu2014\/2021\/06\/IMG-20210622-WA0025-1024x768.jpg 1024w, https:\/\/agora.xtec.cat\/ieslajonquera\/wp-content\/uploads\/usu2014\/2021\/06\/IMG-20210622-WA0025-200x150.jpg 200w, https:\/\/agora.xtec.cat\/ieslajonquera\/wp-content\/uploads\/usu2014\/2021\/06\/IMG-20210622-WA0025.jpg 2048w\" sizes=\"auto, (max-width: 300px) 100vw, 300px\" \/><\/a> <a href=\"https:\/\/agora.xtec.cat\/ieslajonquera\/wp-content\/uploads\/usu2014\/2021\/06\/IMG-20210622-WA0027.jpg\"><img loading=\"lazy\" decoding=\"async\" class=\"size-medium wp-image-3052 alignleft\" src=\"https:\/\/agora.xtec.cat\/ieslajonquera\/wp-content\/uploads\/usu2014\/2021\/06\/IMG-20210622-WA0027-300x116.jpg\" alt=\"\" width=\"300\" height=\"116\" srcset=\"https:\/\/agora.xtec.cat\/ieslajonquera\/wp-content\/uploads\/usu2014\/2021\/06\/IMG-20210622-WA0027-300x116.jpg 300w, https:\/\/agora.xtec.cat\/ieslajonquera\/wp-content\/uploads\/usu2014\/2021\/06\/IMG-20210622-WA0027-768x298.jpg 768w, https:\/\/agora.xtec.cat\/ieslajonquera\/wp-content\/uploads\/usu2014\/2021\/06\/IMG-20210622-WA0027-1024x398.jpg 1024w, https:\/\/agora.xtec.cat\/ieslajonquera\/wp-content\/uploads\/usu2014\/2021\/06\/IMG-20210622-WA0027.jpg 2048w\" sizes=\"auto, (max-width: 300px) 100vw, 300px\" \/><\/a> <a href=\"https:\/\/agora.xtec.cat\/ieslajonquera\/wp-content\/uploads\/usu2014\/2021\/06\/IMG-20210622-WA0030.jpg\"><img loading=\"lazy\" decoding=\"async\" class=\"size-medium wp-image-3054 alignleft\" src=\"https:\/\/agora.xtec.cat\/ieslajonquera\/wp-content\/uploads\/usu2014\/2021\/06\/IMG-20210622-WA0030-300x159.jpg\" alt=\"\" width=\"300\" height=\"159\" srcset=\"https:\/\/agora.xtec.cat\/ieslajonquera\/wp-content\/uploads\/usu2014\/2021\/06\/IMG-20210622-WA0030-300x159.jpg 300w, https:\/\/agora.xtec.cat\/ieslajonquera\/wp-content\/uploads\/usu2014\/2021\/06\/IMG-20210622-WA0030-768x407.jpg 768w, https:\/\/agora.xtec.cat\/ieslajonquera\/wp-content\/uploads\/usu2014\/2021\/06\/IMG-20210622-WA0030-1024x542.jpg 1024w, https:\/\/agora.xtec.cat\/ieslajonquera\/wp-content\/uploads\/usu2014\/2021\/06\/IMG-20210622-WA0030.jpg 2048w\" sizes=\"auto, (max-width: 300px) 100vw, 300px\" \/><\/a> <a href=\"https:\/\/agora.xtec.cat\/ieslajonquera\/wp-content\/uploads\/usu2014\/2021\/06\/IMG-20210622-WA0029.jpg\"><img loading=\"lazy\" decoding=\"async\" class=\"size-medium wp-image-3055 alignleft\" src=\"https:\/\/agora.xtec.cat\/ieslajonquera\/wp-content\/uploads\/usu2014\/2021\/06\/IMG-20210622-WA0029-300x227.jpg\" alt=\"\" width=\"300\" height=\"227\" srcset=\"https:\/\/agora.xtec.cat\/ieslajonquera\/wp-content\/uploads\/usu2014\/2021\/06\/IMG-20210622-WA0029-300x227.jpg 300w, https:\/\/agora.xtec.cat\/ieslajonquera\/wp-content\/uploads\/usu2014\/2021\/06\/IMG-20210622-WA0029-768x582.jpg 768w, https:\/\/agora.xtec.cat\/ieslajonquera\/wp-content\/uploads\/usu2014\/2021\/06\/IMG-20210622-WA0029-1024x776.jpg 1024w, https:\/\/agora.xtec.cat\/ieslajonquera\/wp-content\/uploads\/usu2014\/2021\/06\/IMG-20210622-WA0029-200x150.jpg 200w, https:\/\/agora.xtec.cat\/ieslajonquera\/wp-content\/uploads\/usu2014\/2021\/06\/IMG-20210622-WA0029.jpg 2048w\" sizes=\"auto, (max-width: 300px) 100vw, 300px\" \/><\/a><\/p>\n","protected":false},"excerpt":{"rendered":"<p>La festa de graduaci\u00f3 dels alumnes de 4t d&#8217;ESO, que es va celebrar el dimarts 22 de juny, va tenir diferents intervencions presentades pels alumnes N\u00faria L\u00f3pez del Amo i Ilias Zegaf: els discursos de la Laura Espinosa (la directora), l&#8217;Olga Tribulietx i l&#8217;Elena \u00dabeda&hellip;  <a href=\"https:\/\/agora.xtec.cat\/ieslajonquera\/general\/festa-de-graduacio-de-4t-deso\/\" title=\"Read Festa de graduaci\u00f3 de 4t d&#8217;ESO\">Llegeix m\u00e9s\u00bb<\/a><\/p>\n","protected":false},"author":3,"featured_media":3052,"comment_status":"open","ping_status":"closed","sticky":false,"template":"","format":"standard","meta":{"_bbp_topic_count":0,"_bbp_reply_count":0,"_bbp_total_topic_count":0,"_bbp_total_reply_count":0,"_bbp_voice_count":0,"_bbp_anonymous_reply_count":0,"_bbp_topic_count_hidden":0,"_bbp_reply_count_hidden":0,"_bbp_forum_subforum_count":0,"footnotes":""},"categories":[1],"tags":[],"class_list":["post-3049","post","type-post","status-publish","format-standard","has-post-thumbnail","hentry","category-general"],"post_mailing_queue_ids":[],"_links":{"self":[{"href":"https:\/\/agora.xtec.cat\/ieslajonquera\/wp-json\/wp\/v2\/posts\/3049","targetHints":{"allow":["GET"]}}],"collection":[{"href":"https:\/\/agora.xtec.cat\/ieslajonquera\/wp-json\/wp\/v2\/posts"}],"about":[{"href":"https:\/\/agora.xtec.cat\/ieslajonquera\/wp-json\/wp\/v2\/types\/post"}],"author":[{"embeddable":true,"href":"https:\/\/agora.xtec.cat\/ieslajonquera\/wp-json\/wp\/v2\/users\/3"}],"replies":[{"embeddable":true,"href":"https:\/\/agora.xtec.cat\/ieslajonquera\/wp-json\/wp\/v2\/comments?post=3049"}],"version-history":[{"count":1,"href":"https:\/\/agora.xtec.cat\/ieslajonquera\/wp-json\/wp\/v2\/posts\/3049\/revisions"}],"predecessor-version":[{"id":3056,"href":"https:\/\/agora.xtec.cat\/ieslajonquera\/wp-json\/wp\/v2\/posts\/3049\/revisions\/3056"}],"wp:featuredmedia":[{"embeddable":true,"href":"https:\/\/agora.xtec.cat\/ieslajonquera\/wp-json\/wp\/v2\/media\/3052"}],"wp:attachment":[{"href":"https:\/\/agora.xtec.cat\/ieslajonquera\/wp-json\/wp\/v2\/media?parent=3049"}],"wp:term":[{"taxonomy":"category","embeddable":true,"href":"https:\/\/agora.xtec.cat\/ieslajonquera\/wp-json\/wp\/v2\/categories?post=3049"},{"taxonomy":"post_tag","embeddable":true,"href":"https:\/\/agora.xtec.cat\/ieslajonquera\/wp-json\/wp\/v2\/tags?post=3049"}],"curies":[{"name":"wp","href":"https:\/\/api.w.org\/{rel}","templated":true}]}}