{"id":3022,"date":"2021-06-21T16:27:45","date_gmt":"2021-06-21T14:27:45","guid":{"rendered":"https:\/\/agora.xtec.cat\/ieslajonquera\/?p=3022"},"modified":"2021-06-21T16:28:27","modified_gmt":"2021-06-21T14:28:27","slug":"descoberta-de-lentorn-immediat-a-2n-i-3r-deso","status":"publish","type":"post","link":"https:\/\/agora.xtec.cat\/ieslajonquera\/general\/descoberta-de-lentorn-immediat-a-2n-i-3r-deso\/","title":{"rendered":"Descoberta de l&#8217;entorn immediat a 2n i 3r d&#8217;ESO"},"content":{"rendered":"<p style=\"text-align: justify;\"><a href=\"https:\/\/agora.xtec.cat\/ieslajonquera\/wp-content\/uploads\/usu2014\/2021\/06\/IMG-20210616-WA0009.jpg\"><img loading=\"lazy\" decoding=\"async\" class=\" wp-image-3043 alignleft\" src=\"https:\/\/agora.xtec.cat\/ieslajonquera\/wp-content\/uploads\/usu2014\/2021\/06\/IMG-20210616-WA0009-224x300.jpg\" alt=\"\" width=\"259\" height=\"347\" srcset=\"https:\/\/agora.xtec.cat\/ieslajonquera\/wp-content\/uploads\/usu2014\/2021\/06\/IMG-20210616-WA0009-224x300.jpg 224w, https:\/\/agora.xtec.cat\/ieslajonquera\/wp-content\/uploads\/usu2014\/2021\/06\/IMG-20210616-WA0009-768x1027.jpg 768w, https:\/\/agora.xtec.cat\/ieslajonquera\/wp-content\/uploads\/usu2014\/2021\/06\/IMG-20210616-WA0009-766x1024.jpg 766w, https:\/\/agora.xtec.cat\/ieslajonquera\/wp-content\/uploads\/usu2014\/2021\/06\/IMG-20210616-WA0009.jpg 1496w\" sizes=\"auto, (max-width: 259px) 100vw, 259px\" \/><\/a>Els alumnes de 2n i 3r d&#8217;ESO han participat en les activitats de descoberta de l&#8217;entorn immediat programades pels departaments de Ci\u00e8ncies i Socials. Habitualment aquestes activitats es porten a terme a 2n d&#8217;ESO, per\u00f2 els alumnes de 3r d&#8217;ESO el curs passat no les van poder fer.<\/p>\n<p style=\"text-align: justify;\">Des del Departament de Ci\u00e8ncies, els alumnes han visitat una zona boscosa del costat del Centre, la font dels arbres (per treballar l&#8217;aigua no potable), la font pudosa (per tractar les aig\u00fces sulfuroses), el riu i la seva presa, la vegetaci\u00f3, la fauna, les roques t\u00edpiques de la zona, el Parc d&#8217;en Lloveras (i la seva varietat d&#8217;arbres), zones de plataners i les seves caracter\u00edsitques, etc.<\/p>\n<p style=\"text-align: justify;\">Per a poder iniciar la sortida a l&#8217;entorn, els alumnes han resolt un Escape Room digital, amb preguntes de l&#8217;entorn i dels \u00e0mbits Cientificotecnol\u00f2gic i Matem\u00e0tic. Un cop resolt, han pogut trobar les guies amb el primer repte que els permetia sortir de l&#8217;Institut. A mesura que han anavent superant reptes pel municipi de la Jonquera, han aconseguit pistes amb lletres. Aquestes lletres els han servir per resoldre el misteri de la desaparici\u00f3 de les guies.<\/p>\n<p style=\"text-align: justify;\">Les activitats de l&#8217;\u00e0mbit de Socials han estat dues: la primera s&#8217;ha centrat en descobrir la Jonquera emmurallada de l&#8217;\u00e8poca medieval, la seva evoluci\u00f3 al llarg de l&#8217;\u00e8poca moderna i contempor\u00e0nia. L&#8217;alumnat ha descobert llocs com el Llatzaret, l&#8217;empla\u00e7ament de l&#8217;antic Hospital \/ Cementiri \/ Hostal, la Torre del carrer del Vidre, la Torre del Caramenxel i la Posta Reial. La segona activitat s&#8217;ha centrat en analitzar l&#8217;estil art\u00edstic de l&#8217;esgl\u00e9sia.<\/p>\n<p style=\"text-align: justify;\">Podeu veure otos de les activitats en els seg\u00fcents enlla\u00e7os:<\/p>\n<p><a href=\"https:\/\/drive.google.com\/drive\/folders\/1tV8RQF24isPDU9Mo8uCt2-6yiw_Y3xBj?usp=sharing\">2n d&#8217;ESO<\/a><\/p>\n<p><a href=\"https:\/\/drive.google.com\/drive\/folders\/17XxogdqQnMk-b6ZKvqCHPq9ZHp-hcnDZ?usp=sharing\">3r d&#8217;ESO<\/a><\/p>\n","protected":false},"excerpt":{"rendered":"<p><a href=\"https:\/\/agora.xtec.cat\/ieslajonquera\/wp-content\/uploads\/usu2014\/2021\/06\/IMG-20210616-WA0009.jpg\"><\/a>Els alumnes de 2n i 3r d&#8217;ESO han participat en les activitats de descoberta de l&#8217;entorn immediat programades pels departaments de Ci\u00e8ncies i Socials. Habitualment aquestes activitats es porten a terme a 2n d&#8217;ESO, per\u00f2 els alumnes de 3r d&#8217;ESO el curs passat no&hellip;  <a href=\"https:\/\/agora.xtec.cat\/ieslajonquera\/general\/descoberta-de-lentorn-immediat-a-2n-i-3r-deso\/\" title=\"Read Descoberta de l&#8217;entorn immediat a 2n i 3r d&#8217;ESO\">Llegeix m\u00e9s\u00bb<\/a><\/p>\n","protected":false},"author":3,"featured_media":3043,"comment_status":"open","ping_status":"closed","sticky":false,"template":"","format":"standard","meta":{"_bbp_topic_count":0,"_bbp_reply_count":0,"_bbp_total_topic_count":0,"_bbp_total_reply_count":0,"_bbp_voice_count":0,"_bbp_anonymous_reply_count":0,"_bbp_topic_count_hidden":0,"_bbp_reply_count_hidden":0,"_bbp_forum_subforum_count":0,"footnotes":""},"categories":[1],"tags":[147,146,39],"class_list":["post-3022","post","type-post","status-publish","format-standard","has-post-thumbnail","hentry","category-general","tag-naturals","tag-socials","tag-sortides"],"post_mailing_queue_ids":[],"_links":{"self":[{"href":"https:\/\/agora.xtec.cat\/ieslajonquera\/wp-json\/wp\/v2\/posts\/3022","targetHints":{"allow":["GET"]}}],"collection":[{"href":"https:\/\/agora.xtec.cat\/ieslajonquera\/wp-json\/wp\/v2\/posts"}],"about":[{"href":"https:\/\/agora.xtec.cat\/ieslajonquera\/wp-json\/wp\/v2\/types\/post"}],"author":[{"embeddable":true,"href":"https:\/\/agora.xtec.cat\/ieslajonquera\/wp-json\/wp\/v2\/users\/3"}],"replies":[{"embeddable":true,"href":"https:\/\/agora.xtec.cat\/ieslajonquera\/wp-json\/wp\/v2\/comments?post=3022"}],"version-history":[{"count":3,"href":"https:\/\/agora.xtec.cat\/ieslajonquera\/wp-json\/wp\/v2\/posts\/3022\/revisions"}],"predecessor-version":[{"id":3045,"href":"https:\/\/agora.xtec.cat\/ieslajonquera\/wp-json\/wp\/v2\/posts\/3022\/revisions\/3045"}],"wp:featuredmedia":[{"embeddable":true,"href":"https:\/\/agora.xtec.cat\/ieslajonquera\/wp-json\/wp\/v2\/media\/3043"}],"wp:attachment":[{"href":"https:\/\/agora.xtec.cat\/ieslajonquera\/wp-json\/wp\/v2\/media?parent=3022"}],"wp:term":[{"taxonomy":"category","embeddable":true,"href":"https:\/\/agora.xtec.cat\/ieslajonquera\/wp-json\/wp\/v2\/categories?post=3022"},{"taxonomy":"post_tag","embeddable":true,"href":"https:\/\/agora.xtec.cat\/ieslajonquera\/wp-json\/wp\/v2\/tags?post=3022"}],"curies":[{"name":"wp","href":"https:\/\/api.w.org\/{rel}","templated":true}]}}