{"id":3017,"date":"2021-06-17T23:03:26","date_gmt":"2021-06-17T21:03:26","guid":{"rendered":"https:\/\/agora.xtec.cat\/ieslajonquera\/?p=3017"},"modified":"2021-06-17T23:03:26","modified_gmt":"2021-06-17T21:03:26","slug":"visita-als-bunquers-de-la-jonquera","status":"publish","type":"post","link":"https:\/\/agora.xtec.cat\/ieslajonquera\/general\/visita-als-bunquers-de-la-jonquera\/","title":{"rendered":"Visita als b\u00fanquers de la Jonquera"},"content":{"rendered":"<p style=\"text-align: justify;\"><a href=\"https:\/\/agora.xtec.cat\/ieslajonquera\/wp-content\/uploads\/usu2014\/2021\/06\/20210615_102856-1.jpg\"><img loading=\"lazy\" decoding=\"async\" class=\" wp-image-3018 alignleft\" src=\"https:\/\/agora.xtec.cat\/ieslajonquera\/wp-content\/uploads\/usu2014\/2021\/06\/20210615_102856-1-300x169.jpg\" alt=\"\" width=\"312\" height=\"176\" \/><\/a>El passat dimarts 15 de juny, alguns alumnes de 4t d&#8217;ESO van anar a visitar tres b\u00fanquers de la Jonquera constru\u00efts entre 1943 i 1948 que formaven part del sistema defensiu de l&#8217;ex\u00e8rcit espanyol franquista. L&#8217;historiador del MUME Miquel Serrano, que els va fer de guia, els va explicar l&#8217;origen i la funci\u00f3 d&#8217;aquestes defenses militars.<\/p>\n<p style=\"text-align: justify;\">La sortida, que es va fer des de la mat\u00e8ria de Socials, forma part de dos projectes que es duen a terme al centre: la descoberta de l&#8217;entorn immediat i l&#8217;aproximaci\u00f3 a la Guerra Civil i l&#8217;exili.<\/p>\n<p>&nbsp;<\/p>\n<p>&nbsp;<\/p>\n","protected":false},"excerpt":{"rendered":"<p><a href=\"https:\/\/agora.xtec.cat\/ieslajonquera\/wp-content\/uploads\/usu2014\/2021\/06\/20210615_102856-1.jpg\"><\/a>El passat dimarts 15 de juny, alguns alumnes de 4t d&#8217;ESO van anar a visitar tres b\u00fanquers de la Jonquera constru\u00efts entre 1943 i 1948 que formaven part del sistema defensiu de l&#8217;ex\u00e8rcit espanyol franquista. L&#8217;historiador del MUME Miquel Serrano, que els va fer&hellip;  <a href=\"https:\/\/agora.xtec.cat\/ieslajonquera\/general\/visita-als-bunquers-de-la-jonquera\/\" title=\"Read Visita als b\u00fanquers de la Jonquera\">Llegeix m\u00e9s\u00bb<\/a><\/p>\n","protected":false},"author":3,"featured_media":0,"comment_status":"open","ping_status":"closed","sticky":false,"template":"","format":"standard","meta":{"_bbp_topic_count":0,"_bbp_reply_count":0,"_bbp_total_topic_count":0,"_bbp_total_reply_count":0,"_bbp_voice_count":0,"_bbp_anonymous_reply_count":0,"_bbp_topic_count_hidden":0,"_bbp_reply_count_hidden":0,"_bbp_forum_subforum_count":0,"footnotes":""},"categories":[1],"tags":[145,132,146,39],"class_list":["post-3017","post","type-post","status-publish","format-standard","hentry","category-general","tag-historia","tag-projectes","tag-socials","tag-sortides"],"post_mailing_queue_ids":[],"_links":{"self":[{"href":"https:\/\/agora.xtec.cat\/ieslajonquera\/wp-json\/wp\/v2\/posts\/3017","targetHints":{"allow":["GET"]}}],"collection":[{"href":"https:\/\/agora.xtec.cat\/ieslajonquera\/wp-json\/wp\/v2\/posts"}],"about":[{"href":"https:\/\/agora.xtec.cat\/ieslajonquera\/wp-json\/wp\/v2\/types\/post"}],"author":[{"embeddable":true,"href":"https:\/\/agora.xtec.cat\/ieslajonquera\/wp-json\/wp\/v2\/users\/3"}],"replies":[{"embeddable":true,"href":"https:\/\/agora.xtec.cat\/ieslajonquera\/wp-json\/wp\/v2\/comments?post=3017"}],"version-history":[{"count":3,"href":"https:\/\/agora.xtec.cat\/ieslajonquera\/wp-json\/wp\/v2\/posts\/3017\/revisions"}],"predecessor-version":[{"id":3029,"href":"https:\/\/agora.xtec.cat\/ieslajonquera\/wp-json\/wp\/v2\/posts\/3017\/revisions\/3029"}],"wp:attachment":[{"href":"https:\/\/agora.xtec.cat\/ieslajonquera\/wp-json\/wp\/v2\/media?parent=3017"}],"wp:term":[{"taxonomy":"category","embeddable":true,"href":"https:\/\/agora.xtec.cat\/ieslajonquera\/wp-json\/wp\/v2\/categories?post=3017"},{"taxonomy":"post_tag","embeddable":true,"href":"https:\/\/agora.xtec.cat\/ieslajonquera\/wp-json\/wp\/v2\/tags?post=3017"}],"curies":[{"name":"wp","href":"https:\/\/api.w.org\/{rel}","templated":true}]}}