{"id":3000,"date":"2021-06-11T13:58:09","date_gmt":"2021-06-11T11:58:09","guid":{"rendered":"https:\/\/agora.xtec.cat\/ieslajonquera\/?p=3000"},"modified":"2021-06-11T13:58:09","modified_gmt":"2021-06-11T11:58:09","slug":"acte-de-lliurament-dels-premis-del-concurso-jovenes-talentos-organitzat-per-coca-cola","status":"publish","type":"post","link":"https:\/\/agora.xtec.cat\/ieslajonquera\/general\/acte-de-lliurament-dels-premis-del-concurso-jovenes-talentos-organitzat-per-coca-cola\/","title":{"rendered":"Acte de lliurament dels premis del Concurso J\u00f3venes Talentos, organitzat per Coca-Cola"},"content":{"rendered":"<p style=\"text-align: justify;\">Els vuit alumnes seleccionats per presentar-se al Concurso J\u00f3venes Talentos, organitzat per la Fundaci\u00f3n Coca-Cola han seguit l&#8217;acte de lliurament de premis, que s&#8217;ha celebrat de manera virtual, des d&#8217;una aula del centre, acompanyats per la seva professora de Castell\u00e0, l&#8217;Elena \u00dabeda.<\/p>\n<p style=\"text-align: justify;\">Com que el curs passat es va haver de suspendre el concurs a causa de la pand\u00e8mia, aquest curs podien optar al premi alumnes de 3r d&#8217;ESO, juntament amb els de 2n d&#8217;ESO, que s\u00f3n els que cada any ho fan. Aix\u00ed, els finalistes han estat:<\/p>\n<p style=\"text-align: justify;\">De 2n d&#8217;ESO: Emma Campsolinas, Pep Coloma, Cristine Rivas i Luc\u00eda Rey<\/p>\n<p style=\"text-align: justify;\">De 3r d&#8217;ESO: Avril Bella, Miquel Puigbert, Laura Garcia i Camila Sosa<\/p>\n<p>Com a reconeixement al seu esfor\u00e7, malgrat no haver obtingut cap premi, el centre els ha convidat a esmorzar un cop ha acabat l&#8217;acte de lliurament.<\/p>\n<p><a href=\"https:\/\/agora.xtec.cat\/ieslajonquera\/wp-content\/uploads\/usu2014\/2021\/06\/IMG-20210611-WA0007.jpg\"><img loading=\"lazy\" decoding=\"async\" class=\"size-medium wp-image-3011 alignleft\" src=\"https:\/\/agora.xtec.cat\/ieslajonquera\/wp-content\/uploads\/usu2014\/2021\/06\/IMG-20210611-WA0007-300x225.jpg\" alt=\"\" width=\"300\" height=\"225\" \/><\/a><a href=\"https:\/\/agora.xtec.cat\/ieslajonquera\/wp-content\/uploads\/usu2014\/2021\/06\/IMG-20210611-WA0008.jpg\"><img loading=\"lazy\" decoding=\"async\" class=\"size-medium wp-image-3012 alignleft\" src=\"https:\/\/agora.xtec.cat\/ieslajonquera\/wp-content\/uploads\/usu2014\/2021\/06\/IMG-20210611-WA0008-300x225.jpg\" alt=\"\" width=\"300\" height=\"225\" \/><\/a><\/p>\n","protected":false},"excerpt":{"rendered":"<p>Els vuit alumnes seleccionats per presentar-se al Concurso J\u00f3venes Talentos, organitzat per la Fundaci\u00f3n Coca-Cola han seguit l&#8217;acte de lliurament de premis, que s&#8217;ha celebrat de manera virtual, des d&#8217;una aula del centre, acompanyats per la seva professora de Castell\u00e0, l&#8217;Elena \u00dabeda.<br \/>\nCom que el curs&hellip;  <a href=\"https:\/\/agora.xtec.cat\/ieslajonquera\/general\/acte-de-lliurament-dels-premis-del-concurso-jovenes-talentos-organitzat-per-coca-cola\/\" title=\"Read Acte de lliurament dels premis del Concurso J\u00f3venes Talentos, organitzat per Coca-Cola\">Llegeix m\u00e9s\u00bb<\/a><\/p>\n","protected":false},"author":3,"featured_media":0,"comment_status":"open","ping_status":"closed","sticky":false,"template":"","format":"standard","meta":{"_bbp_topic_count":0,"_bbp_reply_count":0,"_bbp_total_topic_count":0,"_bbp_total_reply_count":0,"_bbp_voice_count":0,"_bbp_anonymous_reply_count":0,"_bbp_topic_count_hidden":0,"_bbp_reply_count_hidden":0,"_bbp_forum_subforum_count":0,"footnotes":""},"categories":[1],"tags":[106,57,124],"class_list":["post-3000","post","type-post","status-publish","format-standard","hentry","category-general","tag-concurs","tag-expressio-escrita","tag-literatura"],"post_mailing_queue_ids":[],"_links":{"self":[{"href":"https:\/\/agora.xtec.cat\/ieslajonquera\/wp-json\/wp\/v2\/posts\/3000","targetHints":{"allow":["GET"]}}],"collection":[{"href":"https:\/\/agora.xtec.cat\/ieslajonquera\/wp-json\/wp\/v2\/posts"}],"about":[{"href":"https:\/\/agora.xtec.cat\/ieslajonquera\/wp-json\/wp\/v2\/types\/post"}],"author":[{"embeddable":true,"href":"https:\/\/agora.xtec.cat\/ieslajonquera\/wp-json\/wp\/v2\/users\/3"}],"replies":[{"embeddable":true,"href":"https:\/\/agora.xtec.cat\/ieslajonquera\/wp-json\/wp\/v2\/comments?post=3000"}],"version-history":[{"count":2,"href":"https:\/\/agora.xtec.cat\/ieslajonquera\/wp-json\/wp\/v2\/posts\/3000\/revisions"}],"predecessor-version":[{"id":3013,"href":"https:\/\/agora.xtec.cat\/ieslajonquera\/wp-json\/wp\/v2\/posts\/3000\/revisions\/3013"}],"wp:attachment":[{"href":"https:\/\/agora.xtec.cat\/ieslajonquera\/wp-json\/wp\/v2\/media?parent=3000"}],"wp:term":[{"taxonomy":"category","embeddable":true,"href":"https:\/\/agora.xtec.cat\/ieslajonquera\/wp-json\/wp\/v2\/categories?post=3000"},{"taxonomy":"post_tag","embeddable":true,"href":"https:\/\/agora.xtec.cat\/ieslajonquera\/wp-json\/wp\/v2\/tags?post=3000"}],"curies":[{"name":"wp","href":"https:\/\/api.w.org\/{rel}","templated":true}]}}