{"id":2984,"date":"2021-06-05T09:33:22","date_gmt":"2021-06-05T07:33:22","guid":{"rendered":"https:\/\/agora.xtec.cat\/ieslajonquera\/?p=2984"},"modified":"2021-06-05T09:33:22","modified_gmt":"2021-06-05T07:33:22","slug":"concert-de-final-de-curs-del-projecte-i-musica","status":"publish","type":"post","link":"https:\/\/agora.xtec.cat\/ieslajonquera\/general\/concert-de-final-de-curs-del-projecte-i-musica\/","title":{"rendered":"Concert de final de curs del projecte I-M\u00fasica"},"content":{"rendered":"<p style=\"text-align: justify;\">Els alumnes de 1r d&#8217;ESO, que aquest curs han tingut l&#8217;oporunitat d&#8217;iniciar-se en la pr\u00e0ctica d&#8217;un instrument de corda al llarg de dos mesos gr\u00e0cies al projecte I-M\u00fasica, van oferir un concert a l&#8217;aire lliure el passat divendres 4 de juny a l&#8217;espai peatonal entre Can Laporta i el CAP.<\/p>\n<p style=\"text-align: justify;\">Cada grup-classe va tocar dues can\u00e7ons diferents i en total van ser aquestes sis peces: Far-West, Pluja de meteorits, Polka, Road block, What makes you beautiful i Billy the Kid, que el p\u00fablic, que estava format per familiars d&#8217;alumnes, professors de l&#8217;institut i vianants, va poder escoltar amb una barreja de sorpresa i agra\u00efment.<\/p>\n<p style=\"text-align: justify;\">I-M\u00fasica \u00e9s un projecte en qu\u00e8 professors de l\u2019Escola Municipal de M\u00fasica, de forma coordinada amb el professorat de M\u00fasica de l\u2019institut, porten a terme, dins l\u2019horari lectiu i en el propi institut, activitats d\u2019educaci\u00f3 musical, per tal que els alumnes tinguin acc\u00e9s a l\u2019aprenentatge i la pr\u00e0ctica de la m\u00fasica amb instruments.<\/p>\n<p>En aquest <a href=\"https:\/\/drive.google.com\/drive\/folders\/1LEaeTnwztW2ozrpm8uQMWt6_Lmw0FVn7?usp=sharing\">enlla\u00e7<\/a> podeu veure m\u00e9s fotos del concert.<\/p>\n<table>\n<tbody>\n<tr>\n<td><a href=\"https:\/\/agora.xtec.cat\/ieslajonquera\/wp-content\/uploads\/usu2014\/2021\/06\/IMG-20210604-WA0026.jpg\"><img loading=\"lazy\" decoding=\"async\" class=\"aligncenter  wp-image-2985\" src=\"https:\/\/agora.xtec.cat\/ieslajonquera\/wp-content\/uploads\/usu2014\/2021\/06\/IMG-20210604-WA0026-300x225.jpg\" alt=\"\" width=\"381\" height=\"286\" srcset=\"https:\/\/agora.xtec.cat\/ieslajonquera\/wp-content\/uploads\/usu2014\/2021\/06\/IMG-20210604-WA0026-300x225.jpg 300w, https:\/\/agora.xtec.cat\/ieslajonquera\/wp-content\/uploads\/usu2014\/2021\/06\/IMG-20210604-WA0026-768x576.jpg 768w, https:\/\/agora.xtec.cat\/ieslajonquera\/wp-content\/uploads\/usu2014\/2021\/06\/IMG-20210604-WA0026-1024x768.jpg 1024w, https:\/\/agora.xtec.cat\/ieslajonquera\/wp-content\/uploads\/usu2014\/2021\/06\/IMG-20210604-WA0026-200x150.jpg 200w, https:\/\/agora.xtec.cat\/ieslajonquera\/wp-content\/uploads\/usu2014\/2021\/06\/IMG-20210604-WA0026.jpg 2048w\" sizes=\"auto, (max-width: 381px) 100vw, 381px\" \/><\/a><\/td>\n<td><a href=\"https:\/\/agora.xtec.cat\/ieslajonquera\/wp-content\/uploads\/usu2014\/2021\/06\/IMG-20210604-WA0027.jpg\"><img loading=\"lazy\" decoding=\"async\" class=\"aligncenter  wp-image-2986\" src=\"https:\/\/agora.xtec.cat\/ieslajonquera\/wp-content\/uploads\/usu2014\/2021\/06\/IMG-20210604-WA0027-300x225.jpg\" alt=\"\" width=\"385\" height=\"289\" srcset=\"https:\/\/agora.xtec.cat\/ieslajonquera\/wp-content\/uploads\/usu2014\/2021\/06\/IMG-20210604-WA0027-300x225.jpg 300w, https:\/\/agora.xtec.cat\/ieslajonquera\/wp-content\/uploads\/usu2014\/2021\/06\/IMG-20210604-WA0027-768x576.jpg 768w, https:\/\/agora.xtec.cat\/ieslajonquera\/wp-content\/uploads\/usu2014\/2021\/06\/IMG-20210604-WA0027-1024x768.jpg 1024w, https:\/\/agora.xtec.cat\/ieslajonquera\/wp-content\/uploads\/usu2014\/2021\/06\/IMG-20210604-WA0027-200x150.jpg 200w, https:\/\/agora.xtec.cat\/ieslajonquera\/wp-content\/uploads\/usu2014\/2021\/06\/IMG-20210604-WA0027.jpg 2048w\" sizes=\"auto, (max-width: 385px) 100vw, 385px\" \/><\/a><\/td>\n<td><a href=\"https:\/\/agora.xtec.cat\/ieslajonquera\/wp-content\/uploads\/usu2014\/2021\/06\/IMG-20210604-WA0028.jpg\"><img loading=\"lazy\" decoding=\"async\" class=\"aligncenter  wp-image-2987\" src=\"https:\/\/agora.xtec.cat\/ieslajonquera\/wp-content\/uploads\/usu2014\/2021\/06\/IMG-20210604-WA0028-300x225.jpg\" alt=\"\" width=\"390\" height=\"293\" srcset=\"https:\/\/agora.xtec.cat\/ieslajonquera\/wp-content\/uploads\/usu2014\/2021\/06\/IMG-20210604-WA0028-300x225.jpg 300w, https:\/\/agora.xtec.cat\/ieslajonquera\/wp-content\/uploads\/usu2014\/2021\/06\/IMG-20210604-WA0028-768x576.jpg 768w, https:\/\/agora.xtec.cat\/ieslajonquera\/wp-content\/uploads\/usu2014\/2021\/06\/IMG-20210604-WA0028-1024x768.jpg 1024w, https:\/\/agora.xtec.cat\/ieslajonquera\/wp-content\/uploads\/usu2014\/2021\/06\/IMG-20210604-WA0028-200x150.jpg 200w, https:\/\/agora.xtec.cat\/ieslajonquera\/wp-content\/uploads\/usu2014\/2021\/06\/IMG-20210604-WA0028.jpg 2048w\" sizes=\"auto, (max-width: 390px) 100vw, 390px\" \/><\/a><\/td>\n<\/tr>\n<\/tbody>\n<\/table>\n","protected":false},"excerpt":{"rendered":"<p>Els alumnes de 1r d&#8217;ESO, que aquest curs han tingut l&#8217;oporunitat d&#8217;iniciar-se en la pr\u00e0ctica d&#8217;un instrument de corda al llarg de dos mesos gr\u00e0cies al projecte I-M\u00fasica, van oferir un concert a l&#8217;aire lliure el passat divendres 4 de juny a l&#8217;espai peatonal entre&hellip;  <a href=\"https:\/\/agora.xtec.cat\/ieslajonquera\/general\/concert-de-final-de-curs-del-projecte-i-musica\/\" title=\"Read Concert de final de curs del projecte I-M\u00fasica\">Llegeix m\u00e9s\u00bb<\/a><\/p>\n","protected":false},"author":3,"featured_media":2985,"comment_status":"open","ping_status":"closed","sticky":false,"template":"","format":"standard","meta":{"_bbp_topic_count":0,"_bbp_reply_count":0,"_bbp_total_topic_count":0,"_bbp_total_reply_count":0,"_bbp_voice_count":0,"_bbp_anonymous_reply_count":0,"_bbp_topic_count_hidden":0,"_bbp_reply_count_hidden":0,"_bbp_forum_subforum_count":0,"footnotes":""},"categories":[1],"tags":[109,132],"class_list":["post-2984","post","type-post","status-publish","format-standard","has-post-thumbnail","hentry","category-general","tag-musica","tag-projectes"],"post_mailing_queue_ids":[],"_links":{"self":[{"href":"https:\/\/agora.xtec.cat\/ieslajonquera\/wp-json\/wp\/v2\/posts\/2984","targetHints":{"allow":["GET"]}}],"collection":[{"href":"https:\/\/agora.xtec.cat\/ieslajonquera\/wp-json\/wp\/v2\/posts"}],"about":[{"href":"https:\/\/agora.xtec.cat\/ieslajonquera\/wp-json\/wp\/v2\/types\/post"}],"author":[{"embeddable":true,"href":"https:\/\/agora.xtec.cat\/ieslajonquera\/wp-json\/wp\/v2\/users\/3"}],"replies":[{"embeddable":true,"href":"https:\/\/agora.xtec.cat\/ieslajonquera\/wp-json\/wp\/v2\/comments?post=2984"}],"version-history":[{"count":1,"href":"https:\/\/agora.xtec.cat\/ieslajonquera\/wp-json\/wp\/v2\/posts\/2984\/revisions"}],"predecessor-version":[{"id":2988,"href":"https:\/\/agora.xtec.cat\/ieslajonquera\/wp-json\/wp\/v2\/posts\/2984\/revisions\/2988"}],"wp:featuredmedia":[{"embeddable":true,"href":"https:\/\/agora.xtec.cat\/ieslajonquera\/wp-json\/wp\/v2\/media\/2985"}],"wp:attachment":[{"href":"https:\/\/agora.xtec.cat\/ieslajonquera\/wp-json\/wp\/v2\/media?parent=2984"}],"wp:term":[{"taxonomy":"category","embeddable":true,"href":"https:\/\/agora.xtec.cat\/ieslajonquera\/wp-json\/wp\/v2\/categories?post=2984"},{"taxonomy":"post_tag","embeddable":true,"href":"https:\/\/agora.xtec.cat\/ieslajonquera\/wp-json\/wp\/v2\/tags?post=2984"}],"curies":[{"name":"wp","href":"https:\/\/api.w.org\/{rel}","templated":true}]}}