{"id":2978,"date":"2021-06-01T18:04:17","date_gmt":"2021-06-01T16:04:17","guid":{"rendered":"https:\/\/agora.xtec.cat\/ieslajonquera\/?p=2978"},"modified":"2021-06-01T18:05:56","modified_gmt":"2021-06-01T16:05:56","slug":"lliurament-dels-premis-de-la-13a-edicio-damic-ficcions","status":"publish","type":"post","link":"https:\/\/agora.xtec.cat\/ieslajonquera\/general\/lliurament-dels-premis-de-la-13a-edicio-damic-ficcions\/","title":{"rendered":"Lliurament dels premis de la 13a edici\u00f3 d&#8217;AMIC-Ficcions"},"content":{"rendered":"<p style=\"text-align: justify;\">Per segon any consecutiu, l&#8217;acte de lliurament de premis del concurs literari <a href=\"https:\/\/m.ficcions.cat\/\">AMIC-Ficcions<\/a> ha estat telem\u00e0tic, aquest cop a trav\u00e9s de la plataforma Zoom. Des de l&#8217;institut hem volgut seguir-lo plegats i per aix\u00f2 ens hem reunit en un espai cedit pel <a href=\"https:\/\/www.museuexili.cat\/ca\/\">MUME<\/a> (Museu Memorial de l&#8217;Exili) en qu\u00e8 hem pogut compartir els nervis amb els finalistes i tamb\u00e9 un berenar.<\/p>\n<table>\n<tbody>\n<tr>\n<td><a href=\"https:\/\/agora.xtec.cat\/ieslajonquera\/wp-content\/uploads\/usu2014\/2021\/06\/20210527_1708331.jpg\"><img loading=\"lazy\" decoding=\"async\" class=\"size-medium wp-image-2979 alignleft\" src=\"https:\/\/agora.xtec.cat\/ieslajonquera\/wp-content\/uploads\/usu2014\/2021\/06\/20210527_1708331-300x225.jpg\" alt=\"\" width=\"300\" height=\"225\" srcset=\"https:\/\/agora.xtec.cat\/ieslajonquera\/wp-content\/uploads\/usu2014\/2021\/06\/20210527_1708331-300x225.jpg 300w, https:\/\/agora.xtec.cat\/ieslajonquera\/wp-content\/uploads\/usu2014\/2021\/06\/20210527_1708331-768x576.jpg 768w, https:\/\/agora.xtec.cat\/ieslajonquera\/wp-content\/uploads\/usu2014\/2021\/06\/20210527_1708331.jpg 1024w, https:\/\/agora.xtec.cat\/ieslajonquera\/wp-content\/uploads\/usu2014\/2021\/06\/20210527_1708331-200x150.jpg 200w\" sizes=\"auto, (max-width: 300px) 100vw, 300px\" \/><\/a><\/td>\n<td><img loading=\"lazy\" decoding=\"async\" class=\"size-medium wp-image-2981 alignleft\" src=\"https:\/\/agora.xtec.cat\/ieslajonquera\/wp-content\/uploads\/usu2014\/2021\/06\/20210601_1246251-300x225.jpg\" alt=\"\" width=\"300\" height=\"225\" srcset=\"https:\/\/agora.xtec.cat\/ieslajonquera\/wp-content\/uploads\/usu2014\/2021\/06\/20210601_1246251-300x225.jpg 300w, https:\/\/agora.xtec.cat\/ieslajonquera\/wp-content\/uploads\/usu2014\/2021\/06\/20210601_1246251-768x576.jpg 768w, https:\/\/agora.xtec.cat\/ieslajonquera\/wp-content\/uploads\/usu2014\/2021\/06\/20210601_1246251.jpg 1024w, https:\/\/agora.xtec.cat\/ieslajonquera\/wp-content\/uploads\/usu2014\/2021\/06\/20210601_1246251-200x150.jpg 200w\" sizes=\"auto, (max-width: 300px) 100vw, 300px\" \/><\/td>\n<td><a href=\"https:\/\/agora.xtec.cat\/ieslajonquera\/wp-content\/uploads\/usu2014\/2021\/06\/20210601_1244571.jpg\"><img loading=\"lazy\" decoding=\"async\" class=\"size-medium wp-image-2980 alignleft\" src=\"https:\/\/agora.xtec.cat\/ieslajonquera\/wp-content\/uploads\/usu2014\/2021\/06\/20210601_1244571-300x225.jpg\" alt=\"\" width=\"300\" height=\"225\" srcset=\"https:\/\/agora.xtec.cat\/ieslajonquera\/wp-content\/uploads\/usu2014\/2021\/06\/20210601_1244571-300x225.jpg 300w, https:\/\/agora.xtec.cat\/ieslajonquera\/wp-content\/uploads\/usu2014\/2021\/06\/20210601_1244571-768x576.jpg 768w, https:\/\/agora.xtec.cat\/ieslajonquera\/wp-content\/uploads\/usu2014\/2021\/06\/20210601_1244571.jpg 1024w, https:\/\/agora.xtec.cat\/ieslajonquera\/wp-content\/uploads\/usu2014\/2021\/06\/20210601_1244571-200x150.jpg 200w\" sizes=\"auto, (max-width: 300px) 100vw, 300px\" \/><\/a><\/td>\n<\/tr>\n<\/tbody>\n<\/table>\n<p style=\"text-align: justify;\">La totalitat dels divuit alumnes finalistes, repartits entre els cursos 3r i 4t d&#8217;ESO i 1r i 2n de Batxillerat, han obtingut la distinci\u00f3 &#8220;Finalista d&#8217;honor&#8221;. Pel que fa a les professores implicades, l&#8217;Annabel Casadevall tamb\u00e9 ha estat &#8220;Finalista d&#8217;honor&#8221;, mentre que l&#8217;Olga Tribulietx ha estat guardonada amb el premi a la Professora M\u00e9s Motivadora de Girona.<\/p>\n<p style=\"text-align: justify;\">Cal destacar que els dos alumnes de 2n de Batxillerat, que s&#8217;hi han presentat durant quatre anys consecutius, aquest cop ho han fet pel seu compte, ja que Ficcions \u00e9s un projecte de centre pels alumnes dels cursos anteriors, per\u00f2 no pels de 2n de Batxillerat.<\/p>\n<p style=\"text-align: justify;\">Cal explicar tamb\u00e9 que aquesta \u00e9s la segona vegada que la professora Olga Tribulietx \u00e9s premiada en aquest concurs, ja que en una edici\u00f3 anterior va obtenir el premi a la Professora M\u00e9s Motivadora de Catalunya.<\/p>\n<p style=\"text-align: justify;\">Donem l&#8217;enhorabona a tots els alumnes i professors premiats.<\/p>\n","protected":false},"excerpt":{"rendered":"<p>Per segon any consecutiu, l&#8217;acte de lliurament de premis del concurs literari <a href=\"https:\/\/m.ficcions.cat\/\">AMIC-Ficcions<\/a> ha estat telem\u00e0tic, aquest cop a trav\u00e9s de la plataforma Zoom. Des de l&#8217;institut hem volgut seguir-lo plegats i per aix\u00f2 ens hem reunit en un espai cedit pel <a href=\"https:\/\/www.museuexili.cat\/ca\/\">MUME<\/a>&hellip;  <a href=\"https:\/\/agora.xtec.cat\/ieslajonquera\/general\/lliurament-dels-premis-de-la-13a-edicio-damic-ficcions\/\" title=\"Read Lliurament dels premis de la 13a edici\u00f3 d&#8217;AMIC-Ficcions\">Llegeix m\u00e9s\u00bb<\/a><\/p>\n","protected":false},"author":3,"featured_media":2980,"comment_status":"open","ping_status":"closed","sticky":false,"template":"","format":"standard","meta":{"_bbp_topic_count":0,"_bbp_reply_count":0,"_bbp_total_topic_count":0,"_bbp_total_reply_count":0,"_bbp_voice_count":0,"_bbp_anonymous_reply_count":0,"_bbp_topic_count_hidden":0,"_bbp_reply_count_hidden":0,"_bbp_forum_subforum_count":0,"footnotes":""},"categories":[1],"tags":[106,133,57,124],"class_list":["post-2978","post","type-post","status-publish","format-standard","has-post-thumbnail","hentry","category-general","tag-concurs","tag-creativitat","tag-expressio-escrita","tag-literatura"],"post_mailing_queue_ids":[],"_links":{"self":[{"href":"https:\/\/agora.xtec.cat\/ieslajonquera\/wp-json\/wp\/v2\/posts\/2978","targetHints":{"allow":["GET"]}}],"collection":[{"href":"https:\/\/agora.xtec.cat\/ieslajonquera\/wp-json\/wp\/v2\/posts"}],"about":[{"href":"https:\/\/agora.xtec.cat\/ieslajonquera\/wp-json\/wp\/v2\/types\/post"}],"author":[{"embeddable":true,"href":"https:\/\/agora.xtec.cat\/ieslajonquera\/wp-json\/wp\/v2\/users\/3"}],"replies":[{"embeddable":true,"href":"https:\/\/agora.xtec.cat\/ieslajonquera\/wp-json\/wp\/v2\/comments?post=2978"}],"version-history":[{"count":2,"href":"https:\/\/agora.xtec.cat\/ieslajonquera\/wp-json\/wp\/v2\/posts\/2978\/revisions"}],"predecessor-version":[{"id":2983,"href":"https:\/\/agora.xtec.cat\/ieslajonquera\/wp-json\/wp\/v2\/posts\/2978\/revisions\/2983"}],"wp:featuredmedia":[{"embeddable":true,"href":"https:\/\/agora.xtec.cat\/ieslajonquera\/wp-json\/wp\/v2\/media\/2980"}],"wp:attachment":[{"href":"https:\/\/agora.xtec.cat\/ieslajonquera\/wp-json\/wp\/v2\/media?parent=2978"}],"wp:term":[{"taxonomy":"category","embeddable":true,"href":"https:\/\/agora.xtec.cat\/ieslajonquera\/wp-json\/wp\/v2\/categories?post=2978"},{"taxonomy":"post_tag","embeddable":true,"href":"https:\/\/agora.xtec.cat\/ieslajonquera\/wp-json\/wp\/v2\/tags?post=2978"}],"curies":[{"name":"wp","href":"https:\/\/api.w.org\/{rel}","templated":true}]}}