{"id":2957,"date":"2021-05-22T11:53:02","date_gmt":"2021-05-22T09:53:02","guid":{"rendered":"https:\/\/agora.xtec.cat\/ieslajonquera\/?p=2957"},"modified":"2021-05-22T12:05:25","modified_gmt":"2021-05-22T10:05:25","slug":"final-del-vii-concurs-doratoria-del-centre","status":"publish","type":"post","link":"https:\/\/agora.xtec.cat\/ieslajonquera\/general\/final-del-vii-concurs-doratoria-del-centre\/","title":{"rendered":"Final del VII Concurs d&#8217;Orat\u00f2ria del Centre"},"content":{"rendered":"<p style=\"text-align: justify;\">L&#8217;alumna Judit Casanovas, de 4t d&#8217;ESO A, ha estat la guanyadora del VII Concurs d&#8217;Orat\u00f2ria del Centre amb una argumentaci\u00f3 sobre el tema &#8220;\u00c9s veritat que tots tenim un preu?&#8221;, mentre que en Denis Andreoui, de 4t d&#8217;ESO B, ha quedat segon amb el mateix tema i la Salma rebroub, de 4t d&#8217;ESO B, tercera amb el tema &#8220;Quin moment hist\u00f2ric m&#8217;agradaria haver viscut?&#8221;.<\/p>\n<p style=\"text-align: justify;\">Felicitem a tots els participants!<a href=\"https:\/\/agora.xtec.cat\/ieslajonquera\/wp-content\/uploads\/usu2014\/2021\/05\/20210521_1038591.jpg\"><img loading=\"lazy\" decoding=\"async\" class=\"size-medium wp-image-2958 alignleft\" src=\"https:\/\/agora.xtec.cat\/ieslajonquera\/wp-content\/uploads\/usu2014\/2021\/05\/20210521_1038591-300x225.jpg\" alt=\"\" width=\"300\" height=\"225\" srcset=\"https:\/\/agora.xtec.cat\/ieslajonquera\/wp-content\/uploads\/usu2014\/2021\/05\/20210521_1038591-300x225.jpg 300w, https:\/\/agora.xtec.cat\/ieslajonquera\/wp-content\/uploads\/usu2014\/2021\/05\/20210521_1038591-768x576.jpg 768w, https:\/\/agora.xtec.cat\/ieslajonquera\/wp-content\/uploads\/usu2014\/2021\/05\/20210521_1038591.jpg 1024w, https:\/\/agora.xtec.cat\/ieslajonquera\/wp-content\/uploads\/usu2014\/2021\/05\/20210521_1038591-200x150.jpg 200w\" sizes=\"auto, (max-width: 300px) 100vw, 300px\" \/><\/a><\/p>\n","protected":false},"excerpt":{"rendered":"<p>L&#8217;alumna Judit Casanovas, de 4t d&#8217;ESO A, ha estat la guanyadora del VII Concurs d&#8217;Orat\u00f2ria del Centre amb una argumentaci\u00f3 sobre el tema &#8220;\u00c9s veritat que tots tenim un preu?&#8221;, mentre que en Denis Andreoui, de 4t d&#8217;ESO B, ha quedat segon amb el mateix&hellip;  <a href=\"https:\/\/agora.xtec.cat\/ieslajonquera\/general\/final-del-vii-concurs-doratoria-del-centre\/\" title=\"Read Final del VII Concurs d&#8217;Orat\u00f2ria del Centre\">Llegeix m\u00e9s\u00bb<\/a><\/p>\n","protected":false},"author":3,"featured_media":2958,"comment_status":"open","ping_status":"closed","sticky":false,"template":"","format":"standard","meta":{"_bbp_topic_count":0,"_bbp_reply_count":0,"_bbp_total_topic_count":0,"_bbp_total_reply_count":0,"_bbp_voice_count":0,"_bbp_anonymous_reply_count":0,"_bbp_topic_count_hidden":0,"_bbp_reply_count_hidden":0,"_bbp_forum_subforum_count":0,"footnotes":""},"categories":[1],"tags":[106,43],"class_list":["post-2957","post","type-post","status-publish","format-standard","has-post-thumbnail","hentry","category-general","tag-concurs","tag-expressio-oral"],"post_mailing_queue_ids":[],"_links":{"self":[{"href":"https:\/\/agora.xtec.cat\/ieslajonquera\/wp-json\/wp\/v2\/posts\/2957","targetHints":{"allow":["GET"]}}],"collection":[{"href":"https:\/\/agora.xtec.cat\/ieslajonquera\/wp-json\/wp\/v2\/posts"}],"about":[{"href":"https:\/\/agora.xtec.cat\/ieslajonquera\/wp-json\/wp\/v2\/types\/post"}],"author":[{"embeddable":true,"href":"https:\/\/agora.xtec.cat\/ieslajonquera\/wp-json\/wp\/v2\/users\/3"}],"replies":[{"embeddable":true,"href":"https:\/\/agora.xtec.cat\/ieslajonquera\/wp-json\/wp\/v2\/comments?post=2957"}],"version-history":[{"count":3,"href":"https:\/\/agora.xtec.cat\/ieslajonquera\/wp-json\/wp\/v2\/posts\/2957\/revisions"}],"predecessor-version":[{"id":2961,"href":"https:\/\/agora.xtec.cat\/ieslajonquera\/wp-json\/wp\/v2\/posts\/2957\/revisions\/2961"}],"wp:featuredmedia":[{"embeddable":true,"href":"https:\/\/agora.xtec.cat\/ieslajonquera\/wp-json\/wp\/v2\/media\/2958"}],"wp:attachment":[{"href":"https:\/\/agora.xtec.cat\/ieslajonquera\/wp-json\/wp\/v2\/media?parent=2957"}],"wp:term":[{"taxonomy":"category","embeddable":true,"href":"https:\/\/agora.xtec.cat\/ieslajonquera\/wp-json\/wp\/v2\/categories?post=2957"},{"taxonomy":"post_tag","embeddable":true,"href":"https:\/\/agora.xtec.cat\/ieslajonquera\/wp-json\/wp\/v2\/tags?post=2957"}],"curies":[{"name":"wp","href":"https:\/\/api.w.org\/{rel}","templated":true}]}}