{"id":2946,"date":"2021-05-15T12:18:26","date_gmt":"2021-05-15T10:18:26","guid":{"rendered":"https:\/\/agora.xtec.cat\/ieslajonquera\/?p=2946"},"modified":"2021-05-15T12:18:26","modified_gmt":"2021-05-15T10:18:26","slug":"estrena-de-la-coreografia-pinya-amb-el-projecte-mapa-de-ball","status":"publish","type":"post","link":"https:\/\/agora.xtec.cat\/ieslajonquera\/general\/estrena-de-la-coreografia-pinya-amb-el-projecte-mapa-de-ball\/","title":{"rendered":"Estrena de la coreografia &#8220;Pinya&#8221; amb el projecte Mapa de Ball"},"content":{"rendered":"<p style=\"text-align: justify;\"><a href=\"https:\/\/agora.xtec.cat\/ieslajonquera\/wp-content\/uploads\/usu2014\/2021\/05\/IMG-20210514-WA0001.jpg\"><img loading=\"lazy\" decoding=\"async\" class=\"size-medium wp-image-2948 alignleft\" src=\"https:\/\/agora.xtec.cat\/ieslajonquera\/wp-content\/uploads\/usu2014\/2021\/05\/IMG-20210514-WA0001-300x185.jpg\" alt=\"\" width=\"300\" height=\"185\" srcset=\"https:\/\/agora.xtec.cat\/ieslajonquera\/wp-content\/uploads\/usu2014\/2021\/05\/IMG-20210514-WA0001-300x185.jpg 300w, https:\/\/agora.xtec.cat\/ieslajonquera\/wp-content\/uploads\/usu2014\/2021\/05\/IMG-20210514-WA0001-768x472.jpg 768w, https:\/\/agora.xtec.cat\/ieslajonquera\/wp-content\/uploads\/usu2014\/2021\/05\/IMG-20210514-WA0001-1024x630.jpg 1024w, https:\/\/agora.xtec.cat\/ieslajonquera\/wp-content\/uploads\/usu2014\/2021\/05\/IMG-20210514-WA0001.jpg 1600w\" sizes=\"auto, (max-width: 300px) 100vw, 300px\" \/><\/a>Els alumnes de 3r d&#8217;ESO, que participen en el projecte Mapa de Ball des de la mat\u00e8ria d&#8217;Educaci\u00f3 F\u00edsica, han representat l&#8217;espectacle &#8220;Pinya&#8221;, de la core\u00f2grafa, performer i artista S\u00f2nia G\u00f3mez, al pavell\u00f3 d&#8217;esports municipal a davant dels alumnes de 1r d&#8217;ESO.<\/p>\n<p style=\"text-align: justify;\">Es tracta d&#8217;un projecte liderat pel Mercat de les Flors i organitzat per AGITART en qu\u00e8 han participat els centres de secund\u00e0ria de l&#8217;Alt Empord\u00e0: Institut La Jonquera, Institut Illa de Rodes, Institut Cap Norfeu, INS Castell\u00f3 d&#8217;Emp\u00faries, Institut El Bruel Empuriabrava, INS El Pedr\u00f3, Institut Narc\u00eds Monturiol, Institut Ramon Muntaner, Institut Cendrassos, Institut Alexandre Deulofeu i Institut Olivar Gran.<\/p>\n<p style=\"text-align: justify;\">En el cas del nostre centre, ha estat l&#8217;Ajuntament de la Jonquera qui ha finan\u00e7at el projecte.<\/p>\n<p>Podeu veure m\u00e9s fotos i v\u00eddeos en aquest <a href=\"https:\/\/drive.google.com\/drive\/folders\/17swSI-IX0sEGW76I8uhitM7dFyHFGPeX?usp=sharing\">enlla\u00e7<\/a>.<\/p>\n<p>&nbsp;<\/p>\n","protected":false},"excerpt":{"rendered":"<p><a href=\"https:\/\/agora.xtec.cat\/ieslajonquera\/wp-content\/uploads\/usu2014\/2021\/05\/IMG-20210514-WA0001.jpg\"><\/a>Els alumnes de 3r d&#8217;ESO, que participen en el projecte Mapa de Ball des de la mat\u00e8ria d&#8217;Educaci\u00f3 F\u00edsica, han representat l&#8217;espectacle &#8220;Pinya&#8221;, de la core\u00f2grafa, performer i artista S\u00f2nia G\u00f3mez, al pavell\u00f3 d&#8217;esports municipal a davant dels alumnes de 1r d&#8217;ESO.<br \/>\nEs tracta d&#8217;un&hellip;  <a href=\"https:\/\/agora.xtec.cat\/ieslajonquera\/general\/estrena-de-la-coreografia-pinya-amb-el-projecte-mapa-de-ball\/\" title=\"Read Estrena de la coreografia &#8220;Pinya&#8221; amb el projecte Mapa de Ball\">Llegeix m\u00e9s\u00bb<\/a><\/p>\n","protected":false},"author":3,"featured_media":2948,"comment_status":"open","ping_status":"closed","sticky":false,"template":"","format":"standard","meta":{"_bbp_topic_count":0,"_bbp_reply_count":0,"_bbp_total_topic_count":0,"_bbp_total_reply_count":0,"_bbp_voice_count":0,"_bbp_anonymous_reply_count":0,"_bbp_topic_count_hidden":0,"_bbp_reply_count_hidden":0,"_bbp_forum_subforum_count":0,"footnotes":""},"categories":[1],"tags":[133,141,111],"class_list":["post-2946","post","type-post","status-publish","format-standard","has-post-thumbnail","hentry","category-general","tag-creativitat","tag-dansa","tag-esport"],"post_mailing_queue_ids":[],"_links":{"self":[{"href":"https:\/\/agora.xtec.cat\/ieslajonquera\/wp-json\/wp\/v2\/posts\/2946","targetHints":{"allow":["GET"]}}],"collection":[{"href":"https:\/\/agora.xtec.cat\/ieslajonquera\/wp-json\/wp\/v2\/posts"}],"about":[{"href":"https:\/\/agora.xtec.cat\/ieslajonquera\/wp-json\/wp\/v2\/types\/post"}],"author":[{"embeddable":true,"href":"https:\/\/agora.xtec.cat\/ieslajonquera\/wp-json\/wp\/v2\/users\/3"}],"replies":[{"embeddable":true,"href":"https:\/\/agora.xtec.cat\/ieslajonquera\/wp-json\/wp\/v2\/comments?post=2946"}],"version-history":[{"count":2,"href":"https:\/\/agora.xtec.cat\/ieslajonquera\/wp-json\/wp\/v2\/posts\/2946\/revisions"}],"predecessor-version":[{"id":2949,"href":"https:\/\/agora.xtec.cat\/ieslajonquera\/wp-json\/wp\/v2\/posts\/2946\/revisions\/2949"}],"wp:featuredmedia":[{"embeddable":true,"href":"https:\/\/agora.xtec.cat\/ieslajonquera\/wp-json\/wp\/v2\/media\/2948"}],"wp:attachment":[{"href":"https:\/\/agora.xtec.cat\/ieslajonquera\/wp-json\/wp\/v2\/media?parent=2946"}],"wp:term":[{"taxonomy":"category","embeddable":true,"href":"https:\/\/agora.xtec.cat\/ieslajonquera\/wp-json\/wp\/v2\/categories?post=2946"},{"taxonomy":"post_tag","embeddable":true,"href":"https:\/\/agora.xtec.cat\/ieslajonquera\/wp-json\/wp\/v2\/tags?post=2946"}],"curies":[{"name":"wp","href":"https:\/\/api.w.org\/{rel}","templated":true}]}}