{"id":2943,"date":"2021-05-14T14:14:07","date_gmt":"2021-05-14T12:14:07","guid":{"rendered":"https:\/\/agora.xtec.cat\/ieslajonquera\/?p=2943"},"modified":"2021-05-14T14:14:22","modified_gmt":"2021-05-14T12:14:22","slug":"versembrant-taller-de-rap-a-4t-deso","status":"publish","type":"post","link":"https:\/\/agora.xtec.cat\/ieslajonquera\/general\/versembrant-taller-de-rap-a-4t-deso\/","title":{"rendered":"Versembrant: Taller de rap a 4t d&#8217;ESO"},"content":{"rendered":"<p style=\"text-align: justify;\"><a href=\"https:\/\/agora.xtec.cat\/ieslajonquera\/wp-content\/uploads\/usu2014\/2021\/05\/20210513_102627-1.jpg\"><img loading=\"lazy\" decoding=\"async\" class=\"size-medium wp-image-2944 alignleft\" src=\"https:\/\/agora.xtec.cat\/ieslajonquera\/wp-content\/uploads\/usu2014\/2021\/05\/20210513_102627-1-300x225.jpg\" alt=\"\" width=\"300\" height=\"225\" srcset=\"https:\/\/agora.xtec.cat\/ieslajonquera\/wp-content\/uploads\/usu2014\/2021\/05\/20210513_102627-1-300x225.jpg 300w, https:\/\/agora.xtec.cat\/ieslajonquera\/wp-content\/uploads\/usu2014\/2021\/05\/20210513_102627-1-768x576.jpg 768w, https:\/\/agora.xtec.cat\/ieslajonquera\/wp-content\/uploads\/usu2014\/2021\/05\/20210513_102627-1.jpg 1024w, https:\/\/agora.xtec.cat\/ieslajonquera\/wp-content\/uploads\/usu2014\/2021\/05\/20210513_102627-1-200x150.jpg 200w\" sizes=\"auto, (max-width: 300px) 100vw, 300px\" \/><\/a>Els alumnes de 4t d&#8217;ESO han participat en un taller de rap que financia l&#8217;Ajuntament de la Jonquera i que els ha servit per entendre alguns conceptes sobre m\u00e8trica i versificaci\u00f3 que pr\u00e8viament havien treballat a la mat\u00e8ria de Catal\u00e0.<\/p>\n<p style=\"text-align: justify;\">L&#8217;activitat anava a c\u00e0rrec de <a href=\"https:\/\/www.versembrant.cat\/\">Versembrant<\/a>, que \u00e9s una escola popular itinerant des d&#8217;on es pret\u00e9n fomentar la consci\u00e8ncia cr\u00edtica del jovent, mitjan\u00e7ant l\u2019art urb\u00e0 i el hip hop.<\/p>\n","protected":false},"excerpt":{"rendered":"<p><a href=\"https:\/\/agora.xtec.cat\/ieslajonquera\/wp-content\/uploads\/usu2014\/2021\/05\/20210513_102627-1.jpg\"><\/a>Els alumnes de 4t d&#8217;ESO han participat en un taller de rap que financia l&#8217;Ajuntament de la Jonquera i que els ha servit per entendre alguns conceptes sobre m\u00e8trica i versificaci\u00f3 que pr\u00e8viament havien treballat a la mat\u00e8ria de Catal\u00e0.<br \/>\nL&#8217;activitat anava a c\u00e0rrec de&hellip;  <a href=\"https:\/\/agora.xtec.cat\/ieslajonquera\/general\/versembrant-taller-de-rap-a-4t-deso\/\" title=\"Read Versembrant: Taller de rap a 4t d&#8217;ESO\">Llegeix m\u00e9s\u00bb<\/a><\/p>\n","protected":false},"author":3,"featured_media":2944,"comment_status":"open","ping_status":"closed","sticky":false,"template":"","format":"standard","meta":{"_bbp_topic_count":0,"_bbp_reply_count":0,"_bbp_total_topic_count":0,"_bbp_total_reply_count":0,"_bbp_voice_count":0,"_bbp_anonymous_reply_count":0,"_bbp_topic_count_hidden":0,"_bbp_reply_count_hidden":0,"_bbp_forum_subforum_count":0,"footnotes":""},"categories":[1],"tags":[133,43,124,109,132],"class_list":["post-2943","post","type-post","status-publish","format-standard","has-post-thumbnail","hentry","category-general","tag-creativitat","tag-expressio-oral","tag-literatura","tag-musica","tag-projectes"],"post_mailing_queue_ids":[],"_links":{"self":[{"href":"https:\/\/agora.xtec.cat\/ieslajonquera\/wp-json\/wp\/v2\/posts\/2943","targetHints":{"allow":["GET"]}}],"collection":[{"href":"https:\/\/agora.xtec.cat\/ieslajonquera\/wp-json\/wp\/v2\/posts"}],"about":[{"href":"https:\/\/agora.xtec.cat\/ieslajonquera\/wp-json\/wp\/v2\/types\/post"}],"author":[{"embeddable":true,"href":"https:\/\/agora.xtec.cat\/ieslajonquera\/wp-json\/wp\/v2\/users\/3"}],"replies":[{"embeddable":true,"href":"https:\/\/agora.xtec.cat\/ieslajonquera\/wp-json\/wp\/v2\/comments?post=2943"}],"version-history":[{"count":1,"href":"https:\/\/agora.xtec.cat\/ieslajonquera\/wp-json\/wp\/v2\/posts\/2943\/revisions"}],"predecessor-version":[{"id":2945,"href":"https:\/\/agora.xtec.cat\/ieslajonquera\/wp-json\/wp\/v2\/posts\/2943\/revisions\/2945"}],"wp:featuredmedia":[{"embeddable":true,"href":"https:\/\/agora.xtec.cat\/ieslajonquera\/wp-json\/wp\/v2\/media\/2944"}],"wp:attachment":[{"href":"https:\/\/agora.xtec.cat\/ieslajonquera\/wp-json\/wp\/v2\/media?parent=2943"}],"wp:term":[{"taxonomy":"category","embeddable":true,"href":"https:\/\/agora.xtec.cat\/ieslajonquera\/wp-json\/wp\/v2\/categories?post=2943"},{"taxonomy":"post_tag","embeddable":true,"href":"https:\/\/agora.xtec.cat\/ieslajonquera\/wp-json\/wp\/v2\/tags?post=2943"}],"curies":[{"name":"wp","href":"https:\/\/api.w.org\/{rel}","templated":true}]}}