{"id":2918,"date":"2021-04-29T11:34:04","date_gmt":"2021-04-29T09:34:04","guid":{"rendered":"https:\/\/agora.xtec.cat\/ieslajonquera\/?p=2918"},"modified":"2021-04-29T11:36:05","modified_gmt":"2021-04-29T09:36:05","slug":"projecte-rius-segona-part","status":"publish","type":"post","link":"https:\/\/agora.xtec.cat\/ieslajonquera\/general\/projecte-rius-segona-part\/","title":{"rendered":"Projecte Rius: inspecci\u00f3 de primavera"},"content":{"rendered":"<p style=\"text-align: justify;\"><a href=\"https:\/\/agora.xtec.cat\/ieslajonquera\/wp-content\/uploads\/usu2014\/2021\/04\/IMG-20210428-WA0005.jpg\"><img loading=\"lazy\" decoding=\"async\" class=\" wp-image-2920 alignleft\" src=\"https:\/\/agora.xtec.cat\/ieslajonquera\/wp-content\/uploads\/usu2014\/2021\/04\/IMG-20210428-WA0005-224x300.jpg\" alt=\"\" width=\"266\" height=\"357\" srcset=\"https:\/\/agora.xtec.cat\/ieslajonquera\/wp-content\/uploads\/usu2014\/2021\/04\/IMG-20210428-WA0005-224x300.jpg 224w, https:\/\/agora.xtec.cat\/ieslajonquera\/wp-content\/uploads\/usu2014\/2021\/04\/IMG-20210428-WA0005-768x1027.jpg 768w, https:\/\/agora.xtec.cat\/ieslajonquera\/wp-content\/uploads\/usu2014\/2021\/04\/IMG-20210428-WA0005-765x1024.jpg 765w, https:\/\/agora.xtec.cat\/ieslajonquera\/wp-content\/uploads\/usu2014\/2021\/04\/IMG-20210428-WA0005.jpg 1196w\" sizes=\"auto, (max-width: 266px) 100vw, 266px\" \/><\/a>L&#8217;Institut de La Jonquera participa en el Projecte Rius i avui els alumnes de 3r d&#8217;ESO A de Biologia i F\u00edsica i Qu\u00edmica han anat al riu Llobregat d&#8217;Empord\u00e0 (La Jonquera), a fer la <a href=\"https:\/\/drive.google.com\/drive\/folders\/13Cw4ZfCw8wN2TSPNd1755Ch5Q2qWkJ8m?usp=sharing\">segona inspecci\u00f3 anual<\/a> (de primavera).<\/p>\n<p style=\"text-align: justify;\">Han fet el seguiment ecol\u00f2gic de la zona a partir de diferents mesures i indicadors que avaluen aspectes hidromorfol\u00f2gics, fisicoqu\u00edmics i biol\u00f2gics com per exemple: mesurar el PH de l&#8217;aigua, l&#8217;oxigen dissolt, la terbolesa, etc. identificar esp\u00e8cies vegetals, de macroinvertebrats, etc.<\/p>\n<p style=\"text-align: justify;\">Ara nom\u00e9s els falta entrar les dades que han recollit a la recerca cient\u00edfica i participar en el treball d&#8217;aquest Projecte.<\/p>\n<p>Endavant!<\/p>\n","protected":false},"excerpt":{"rendered":"<p><a href=\"https:\/\/agora.xtec.cat\/ieslajonquera\/wp-content\/uploads\/usu2014\/2021\/04\/IMG-20210428-WA0005.jpg\"><\/a>L&#8217;Institut de La Jonquera participa en el Projecte Rius i avui els alumnes de 3r d&#8217;ESO A de Biologia i F\u00edsica i Qu\u00edmica han anat al riu Llobregat d&#8217;Empord\u00e0 (La Jonquera), a fer la <a href=\"https:\/\/drive.google.com\/drive\/folders\/13Cw4ZfCw8wN2TSPNd1755Ch5Q2qWkJ8m?usp=sharing\">segona inspecci\u00f3 anual<\/a> (de primavera).<br \/>\nHan fet el seguiment ecol\u00f2gic&hellip;  <a href=\"https:\/\/agora.xtec.cat\/ieslajonquera\/general\/projecte-rius-segona-part\/\" title=\"Read Projecte Rius: inspecci\u00f3 de primavera\">Llegeix m\u00e9s\u00bb<\/a><\/p>\n","protected":false},"author":3,"featured_media":2920,"comment_status":"open","ping_status":"closed","sticky":false,"template":"","format":"standard","meta":{"_bbp_topic_count":0,"_bbp_reply_count":0,"_bbp_total_topic_count":0,"_bbp_total_reply_count":0,"_bbp_voice_count":0,"_bbp_anonymous_reply_count":0,"_bbp_topic_count_hidden":0,"_bbp_reply_count_hidden":0,"_bbp_forum_subforum_count":0,"footnotes":""},"categories":[1],"tags":[117,143,147,132],"class_list":["post-2918","post","type-post","status-publish","format-standard","has-post-thumbnail","hentry","category-general","tag-biologia","tag-ciencia","tag-naturals","tag-projectes"],"post_mailing_queue_ids":[],"_links":{"self":[{"href":"https:\/\/agora.xtec.cat\/ieslajonquera\/wp-json\/wp\/v2\/posts\/2918","targetHints":{"allow":["GET"]}}],"collection":[{"href":"https:\/\/agora.xtec.cat\/ieslajonquera\/wp-json\/wp\/v2\/posts"}],"about":[{"href":"https:\/\/agora.xtec.cat\/ieslajonquera\/wp-json\/wp\/v2\/types\/post"}],"author":[{"embeddable":true,"href":"https:\/\/agora.xtec.cat\/ieslajonquera\/wp-json\/wp\/v2\/users\/3"}],"replies":[{"embeddable":true,"href":"https:\/\/agora.xtec.cat\/ieslajonquera\/wp-json\/wp\/v2\/comments?post=2918"}],"version-history":[{"count":3,"href":"https:\/\/agora.xtec.cat\/ieslajonquera\/wp-json\/wp\/v2\/posts\/2918\/revisions"}],"predecessor-version":[{"id":2923,"href":"https:\/\/agora.xtec.cat\/ieslajonquera\/wp-json\/wp\/v2\/posts\/2918\/revisions\/2923"}],"wp:featuredmedia":[{"embeddable":true,"href":"https:\/\/agora.xtec.cat\/ieslajonquera\/wp-json\/wp\/v2\/media\/2920"}],"wp:attachment":[{"href":"https:\/\/agora.xtec.cat\/ieslajonquera\/wp-json\/wp\/v2\/media?parent=2918"}],"wp:term":[{"taxonomy":"category","embeddable":true,"href":"https:\/\/agora.xtec.cat\/ieslajonquera\/wp-json\/wp\/v2\/categories?post=2918"},{"taxonomy":"post_tag","embeddable":true,"href":"https:\/\/agora.xtec.cat\/ieslajonquera\/wp-json\/wp\/v2\/tags?post=2918"}],"curies":[{"name":"wp","href":"https:\/\/api.w.org\/{rel}","templated":true}]}}