{"id":2907,"date":"2021-04-28T07:36:52","date_gmt":"2021-04-28T05:36:52","guid":{"rendered":"https:\/\/agora.xtec.cat\/ieslajonquera\/?p=2907"},"modified":"2021-04-28T07:36:52","modified_gmt":"2021-04-28T05:36:52","slug":"xerrada-de-lescriptor-angel-burgas","status":"publish","type":"post","link":"https:\/\/agora.xtec.cat\/ieslajonquera\/general\/xerrada-de-lescriptor-angel-burgas\/","title":{"rendered":"Xerrada de l&#8217;escriptor \u00c0ngel Burgas"},"content":{"rendered":"<p style=\"text-align: justify;\">L&#8217;escriptor \u00c0ngel Burgas ha vingut al centre a fer dues xerrades sobre algunes de les lectures prescriptives de la mat\u00e8ria de Catal\u00e0.<\/p>\n<p style=\"text-align: justify;\">Amb els alumnes de 1r d&#8217;ESO ha parlat de <em>L&#8217;Anticlub<\/em> i amb els de 3r d&#8217;ESO de <em>Noel et busca<\/em>. A cada curs, un cop ha acabat la seva xerrada, els alumnes han tingut ocasi\u00f3 de fer-li preguntes sobre l&#8217;ofici d&#8217;escriptor.\u00a0<a href=\"https:\/\/agora.xtec.cat\/ieslajonquera\/wp-content\/uploads\/usu2014\/2021\/04\/20210427_104801-1.jpg\"><img loading=\"lazy\" decoding=\"async\" class=\" wp-image-2908 alignleft\" src=\"https:\/\/agora.xtec.cat\/ieslajonquera\/wp-content\/uploads\/usu2014\/2021\/04\/20210427_104801-1-300x225.jpg\" alt=\"\" width=\"332\" height=\"249\" \/><\/a><a href=\"https:\/\/agora.xtec.cat\/ieslajonquera\/wp-content\/uploads\/usu2014\/2021\/04\/20210427_101910-1.jpg\"><br \/>\n<img loading=\"lazy\" decoding=\"async\" class=\" wp-image-2909 alignleft\" src=\"https:\/\/agora.xtec.cat\/ieslajonquera\/wp-content\/uploads\/usu2014\/2021\/04\/20210427_101910-1-300x225.jpg\" alt=\"\" width=\"333\" height=\"250\" srcset=\"https:\/\/agora.xtec.cat\/ieslajonquera\/wp-content\/uploads\/usu2014\/2021\/04\/20210427_101910-1-300x225.jpg 300w, https:\/\/agora.xtec.cat\/ieslajonquera\/wp-content\/uploads\/usu2014\/2021\/04\/20210427_101910-1-768x576.jpg 768w, https:\/\/agora.xtec.cat\/ieslajonquera\/wp-content\/uploads\/usu2014\/2021\/04\/20210427_101910-1.jpg 1024w, https:\/\/agora.xtec.cat\/ieslajonquera\/wp-content\/uploads\/usu2014\/2021\/04\/20210427_101910-1-200x150.jpg 200w\" sizes=\"auto, (max-width: 333px) 100vw, 333px\" \/><\/a><\/p>\n","protected":false},"excerpt":{"rendered":"<p>L&#8217;escriptor \u00c0ngel Burgas ha vingut al centre a fer dues xerrades sobre algunes de les lectures prescriptives de la mat\u00e8ria de Catal\u00e0.<br \/>\nAmb els alumnes de 1r d&#8217;ESO ha parlat de L&#8217;Anticlub i amb els de 3r d&#8217;ESO de Noel et busca. A cada curs, un&hellip;  <a href=\"https:\/\/agora.xtec.cat\/ieslajonquera\/general\/xerrada-de-lescriptor-angel-burgas\/\" title=\"Read Xerrada de l&#8217;escriptor \u00c0ngel Burgas\">Llegeix m\u00e9s\u00bb<\/a><\/p>\n","protected":false},"author":3,"featured_media":0,"comment_status":"open","ping_status":"closed","sticky":false,"template":"","format":"standard","meta":{"_bbp_topic_count":0,"_bbp_reply_count":0,"_bbp_total_topic_count":0,"_bbp_total_reply_count":0,"_bbp_voice_count":0,"_bbp_anonymous_reply_count":0,"_bbp_topic_count_hidden":0,"_bbp_reply_count_hidden":0,"_bbp_forum_subforum_count":0,"footnotes":""},"categories":[1],"tags":[130,124],"class_list":["post-2907","post","type-post","status-publish","format-standard","hentry","category-general","tag-conferencies","tag-literatura"],"post_mailing_queue_ids":[],"_links":{"self":[{"href":"https:\/\/agora.xtec.cat\/ieslajonquera\/wp-json\/wp\/v2\/posts\/2907","targetHints":{"allow":["GET"]}}],"collection":[{"href":"https:\/\/agora.xtec.cat\/ieslajonquera\/wp-json\/wp\/v2\/posts"}],"about":[{"href":"https:\/\/agora.xtec.cat\/ieslajonquera\/wp-json\/wp\/v2\/types\/post"}],"author":[{"embeddable":true,"href":"https:\/\/agora.xtec.cat\/ieslajonquera\/wp-json\/wp\/v2\/users\/3"}],"replies":[{"embeddable":true,"href":"https:\/\/agora.xtec.cat\/ieslajonquera\/wp-json\/wp\/v2\/comments?post=2907"}],"version-history":[{"count":1,"href":"https:\/\/agora.xtec.cat\/ieslajonquera\/wp-json\/wp\/v2\/posts\/2907\/revisions"}],"predecessor-version":[{"id":2910,"href":"https:\/\/agora.xtec.cat\/ieslajonquera\/wp-json\/wp\/v2\/posts\/2907\/revisions\/2910"}],"wp:attachment":[{"href":"https:\/\/agora.xtec.cat\/ieslajonquera\/wp-json\/wp\/v2\/media?parent=2907"}],"wp:term":[{"taxonomy":"category","embeddable":true,"href":"https:\/\/agora.xtec.cat\/ieslajonquera\/wp-json\/wp\/v2\/categories?post=2907"},{"taxonomy":"post_tag","embeddable":true,"href":"https:\/\/agora.xtec.cat\/ieslajonquera\/wp-json\/wp\/v2\/tags?post=2907"}],"curies":[{"name":"wp","href":"https:\/\/api.w.org\/{rel}","templated":true}]}}