{"id":2904,"date":"2021-04-26T19:45:54","date_gmt":"2021-04-26T17:45:54","guid":{"rendered":"https:\/\/agora.xtec.cat\/ieslajonquera\/?p=2904"},"modified":"2021-04-28T11:56:10","modified_gmt":"2021-04-28T09:56:10","slug":"finalistes-de-la-13a-edicio-damic-ficcions","status":"publish","type":"post","link":"https:\/\/agora.xtec.cat\/ieslajonquera\/general\/finalistes-de-la-13a-edicio-damic-ficcions\/","title":{"rendered":"Finalistes de la 13a edici\u00f3 d&#8217;AMIC-Ficcions"},"content":{"rendered":"<p style=\"text-align: justify;\">18 alumnes de 3r i 4t d&#8217;ESO i 1r i 2n de Batxillerat de l&#8217;institut s\u00f3n finalistes de la 13a edici\u00f3 d&#8217;AMIC-Ficcions. Es tracta d&#8217;un concurs literari en qu\u00e8 els alumnes, individualment o en grups de com a m\u00e0xim tres persones, inventen i redacten tres cap\u00edtols a partir d&#8217;un dels textos proposats per l&#8217;organitzaci\u00f3.<\/p>\n<p style=\"text-align: justify;\">Els alumnes seleccionats s\u00f3n: Miquel Pijoan, Fadua Berdii i Th\u00e0lia Ram\u00edrez (3r d&#8217;ESO), F\u00e0tima Sarkoziova, Mariam Ghaddar, Judit Casanovas, Kawtar Ben Lmaati, Lara Mart\u00ednez i \u00cdngrid Adasme (4t d&#8217;ESO), V\u00edctor Masuaute, Carla Rod\u00e0, Marina Pallarols, Aitor L\u00f3pez, Alessandro Intruvini, Pau Coloma i \u00c8ric Mart\u00edn (1r de Batxillerat) i Iv\u00e1n Mart\u00ednez i Stefan C\u00eerstea (2n de Batxillerat).<\/p>\n<p style=\"text-align: justify;\">Al maig tindr\u00e0 lloc el lliurament de premis en qu\u00e8 els aspirants sabran si passen a la propera fase del concurs.<\/p>\n<p style=\"text-align: justify;\">Enhorabona i molta sort!<a href=\"https:\/\/agora.xtec.cat\/ieslajonquera\/wp-content\/uploads\/usu2014\/2021\/04\/20210426_1401171.jpg\"><img loading=\"lazy\" decoding=\"async\" class=\"aligncenter wp-image-2905\" src=\"https:\/\/agora.xtec.cat\/ieslajonquera\/wp-content\/uploads\/usu2014\/2021\/04\/20210426_1401171-300x225.jpg\" alt=\"\" width=\"435\" height=\"326\" \/><\/a><\/p>\n","protected":false},"excerpt":{"rendered":"<p>18 alumnes de 3r i 4t d&#8217;ESO i 1r i 2n de Batxillerat de l&#8217;institut s\u00f3n finalistes de la 13a edici\u00f3 d&#8217;AMIC-Ficcions. Es tracta d&#8217;un concurs literari en qu\u00e8 els alumnes, individualment o en grups de com a m\u00e0xim tres persones, inventen i redacten tres&hellip;  <a href=\"https:\/\/agora.xtec.cat\/ieslajonquera\/general\/finalistes-de-la-13a-edicio-damic-ficcions\/\" title=\"Read Finalistes de la 13a edici\u00f3 d&#8217;AMIC-Ficcions\">Llegeix m\u00e9s\u00bb<\/a><\/p>\n","protected":false},"author":3,"featured_media":0,"comment_status":"open","ping_status":"closed","sticky":false,"template":"","format":"standard","meta":{"_bbp_topic_count":0,"_bbp_reply_count":0,"_bbp_total_topic_count":0,"_bbp_total_reply_count":0,"_bbp_voice_count":0,"_bbp_anonymous_reply_count":0,"_bbp_topic_count_hidden":0,"_bbp_reply_count_hidden":0,"_bbp_forum_subforum_count":0,"footnotes":""},"categories":[1],"tags":[106,57,124],"class_list":["post-2904","post","type-post","status-publish","format-standard","hentry","category-general","tag-concurs","tag-expressio-escrita","tag-literatura"],"post_mailing_queue_ids":[],"_links":{"self":[{"href":"https:\/\/agora.xtec.cat\/ieslajonquera\/wp-json\/wp\/v2\/posts\/2904","targetHints":{"allow":["GET"]}}],"collection":[{"href":"https:\/\/agora.xtec.cat\/ieslajonquera\/wp-json\/wp\/v2\/posts"}],"about":[{"href":"https:\/\/agora.xtec.cat\/ieslajonquera\/wp-json\/wp\/v2\/types\/post"}],"author":[{"embeddable":true,"href":"https:\/\/agora.xtec.cat\/ieslajonquera\/wp-json\/wp\/v2\/users\/3"}],"replies":[{"embeddable":true,"href":"https:\/\/agora.xtec.cat\/ieslajonquera\/wp-json\/wp\/v2\/comments?post=2904"}],"version-history":[{"count":2,"href":"https:\/\/agora.xtec.cat\/ieslajonquera\/wp-json\/wp\/v2\/posts\/2904\/revisions"}],"predecessor-version":[{"id":2914,"href":"https:\/\/agora.xtec.cat\/ieslajonquera\/wp-json\/wp\/v2\/posts\/2904\/revisions\/2914"}],"wp:attachment":[{"href":"https:\/\/agora.xtec.cat\/ieslajonquera\/wp-json\/wp\/v2\/media?parent=2904"}],"wp:term":[{"taxonomy":"category","embeddable":true,"href":"https:\/\/agora.xtec.cat\/ieslajonquera\/wp-json\/wp\/v2\/categories?post=2904"},{"taxonomy":"post_tag","embeddable":true,"href":"https:\/\/agora.xtec.cat\/ieslajonquera\/wp-json\/wp\/v2\/tags?post=2904"}],"curies":[{"name":"wp","href":"https:\/\/api.w.org\/{rel}","templated":true}]}}