{"id":2899,"date":"2021-04-23T20:38:29","date_gmt":"2021-04-23T18:38:29","guid":{"rendered":"https:\/\/agora.xtec.cat\/ieslajonquera\/?p=2899"},"modified":"2021-04-23T20:38:29","modified_gmt":"2021-04-23T18:38:29","slug":"celebracio-de-la-diada-de-sant-jordi","status":"publish","type":"post","link":"https:\/\/agora.xtec.cat\/ieslajonquera\/general\/celebracio-de-la-diada-de-sant-jordi\/","title":{"rendered":"Celebraci\u00f3 de la Diada de Sant Jordi"},"content":{"rendered":"<p style=\"text-align: justify;\">Aquest curs, per celebrar Sant Jordi a l&#8217;institut tot respectant els grups bombolla, s&#8217;han portat a terme diverses activitats organitzades al voltant de dos eixos tem\u00e0tics: els llibres i les roses:<\/p>\n<p style=\"text-align: justify;\">Els alumnes de <a href=\"https:\/\/drive.google.com\/drive\/folders\/1DdjfhKUIBlEyydhnrPtzTg4VqzsuMxyH?usp=sharing\">1r d&#8217;ESO<\/a> han plantat rosers en una nova zona enjardinada situada a la part de davant del centre amb la idea que els podran veure cr\u00e9ixer al llarg dels anys que passaran a l&#8217;institut.<\/p>\n<p style=\"text-align: justify;\">Els alumnes de <a href=\"https:\/\/drive.google.com\/drive\/folders\/1ji9V36bMHhU1-1H-78vC9JTGJX9A2NbX?usp=sharing\">2n d&#8217;ESO<\/a> i els d&#8217;Aula d&#8217;Acollida han decorat l&#8217;institut amb flors fetes amb material reciclat, com ara cartrons, oueres, paper de diari, caixes de fusta, etc.<\/p>\n<p style=\"text-align: justify;\">Els alumnes de <a href=\"https:\/\/drive.google.com\/drive\/folders\/1R30MFMWbEXpbuXsmhL4cosQHCO1coglz?usp=sharing\">3r d&#8217;ESO<\/a> i els d&#8217;Aula d&#8217;Acollida han elaborat, des de la mat\u00e8ria d&#8217;Educaci\u00f3 Visual i pl\u00e0stica, i regalat punts de llibre a totes els alumnes del centre.<\/p>\n<p style=\"text-align: justify;\">Els alumnes de <a href=\"https:\/\/drive.google.com\/drive\/folders\/1AE7M09tXpElvfNBZ_ORmncamGj0s8QEA?usp=sharing\">4t d&#8217;ESO<\/a> han fet cartells amb cites de llibres i poemes de creaci\u00f3 pr\u00f2pia i els han enganxat per tots el centre.<\/p>\n<p style=\"text-align: justify;\">Els alumnes de <a href=\"https:\/\/drive.google.com\/drive\/folders\/1kAE6FApd8FxrVO7R-if6V9RtBGaow99M?usp=sharing\">1r de Batxillerat<\/a> han participat en una performance sobre la llegenda de Sant Jordi, creada per ells mateixos, a l&#8217;hora del pati a davant de la resta d&#8217;alumnes de l&#8217;institut.<\/p>\n<p style=\"text-align: justify;\"><a href=\"https:\/\/agora.xtec.cat\/ieslajonquera\/wp-content\/uploads\/usu2014\/2021\/04\/IMG-20210423-WA0014.jpg\"><img loading=\"lazy\" decoding=\"async\" class=\"wp-image-2901 aligncenter\" src=\"https:\/\/agora.xtec.cat\/ieslajonquera\/wp-content\/uploads\/usu2014\/2021\/04\/IMG-20210423-WA0014-300x225.jpg\" alt=\"\" width=\"420\" height=\"315\" srcset=\"https:\/\/agora.xtec.cat\/ieslajonquera\/wp-content\/uploads\/usu2014\/2021\/04\/IMG-20210423-WA0014-300x225.jpg 300w, https:\/\/agora.xtec.cat\/ieslajonquera\/wp-content\/uploads\/usu2014\/2021\/04\/IMG-20210423-WA0014-768x576.jpg 768w, https:\/\/agora.xtec.cat\/ieslajonquera\/wp-content\/uploads\/usu2014\/2021\/04\/IMG-20210423-WA0014-1024x768.jpg 1024w, https:\/\/agora.xtec.cat\/ieslajonquera\/wp-content\/uploads\/usu2014\/2021\/04\/IMG-20210423-WA0014-200x150.jpg 200w, https:\/\/agora.xtec.cat\/ieslajonquera\/wp-content\/uploads\/usu2014\/2021\/04\/IMG-20210423-WA0014.jpg 1600w\" sizes=\"auto, (max-width: 420px) 100vw, 420px\" \/><\/a><\/p>\n","protected":false},"excerpt":{"rendered":"<p>Aquest curs, per celebrar Sant Jordi a l&#8217;institut tot respectant els grups bombolla, s&#8217;han portat a terme diverses activitats organitzades al voltant de dos eixos tem\u00e0tics: els llibres i les roses:<br \/>\nEls alumnes de <a href=\"https:\/\/drive.google.com\/drive\/folders\/1DdjfhKUIBlEyydhnrPtzTg4VqzsuMxyH?usp=sharing\">1r d&#8217;ESO<\/a> han plantat rosers en una nova zona enjardinada situada&hellip;  <a href=\"https:\/\/agora.xtec.cat\/ieslajonquera\/general\/celebracio-de-la-diada-de-sant-jordi\/\" title=\"Read Celebraci\u00f3 de la Diada de Sant Jordi\">Llegeix m\u00e9s\u00bb<\/a><\/p>\n","protected":false},"author":3,"featured_media":2901,"comment_status":"open","ping_status":"closed","sticky":false,"template":"","format":"standard","meta":{"_bbp_topic_count":0,"_bbp_reply_count":0,"_bbp_total_topic_count":0,"_bbp_total_reply_count":0,"_bbp_voice_count":0,"_bbp_anonymous_reply_count":0,"_bbp_topic_count_hidden":0,"_bbp_reply_count_hidden":0,"_bbp_forum_subforum_count":0,"footnotes":""},"categories":[1],"tags":[133,124,38],"class_list":["post-2899","post","type-post","status-publish","format-standard","has-post-thumbnail","hentry","category-general","tag-creativitat","tag-literatura","tag-sant-jordi"],"post_mailing_queue_ids":[],"_links":{"self":[{"href":"https:\/\/agora.xtec.cat\/ieslajonquera\/wp-json\/wp\/v2\/posts\/2899","targetHints":{"allow":["GET"]}}],"collection":[{"href":"https:\/\/agora.xtec.cat\/ieslajonquera\/wp-json\/wp\/v2\/posts"}],"about":[{"href":"https:\/\/agora.xtec.cat\/ieslajonquera\/wp-json\/wp\/v2\/types\/post"}],"author":[{"embeddable":true,"href":"https:\/\/agora.xtec.cat\/ieslajonquera\/wp-json\/wp\/v2\/users\/3"}],"replies":[{"embeddable":true,"href":"https:\/\/agora.xtec.cat\/ieslajonquera\/wp-json\/wp\/v2\/comments?post=2899"}],"version-history":[{"count":2,"href":"https:\/\/agora.xtec.cat\/ieslajonquera\/wp-json\/wp\/v2\/posts\/2899\/revisions"}],"predecessor-version":[{"id":2902,"href":"https:\/\/agora.xtec.cat\/ieslajonquera\/wp-json\/wp\/v2\/posts\/2899\/revisions\/2902"}],"wp:featuredmedia":[{"embeddable":true,"href":"https:\/\/agora.xtec.cat\/ieslajonquera\/wp-json\/wp\/v2\/media\/2901"}],"wp:attachment":[{"href":"https:\/\/agora.xtec.cat\/ieslajonquera\/wp-json\/wp\/v2\/media?parent=2899"}],"wp:term":[{"taxonomy":"category","embeddable":true,"href":"https:\/\/agora.xtec.cat\/ieslajonquera\/wp-json\/wp\/v2\/categories?post=2899"},{"taxonomy":"post_tag","embeddable":true,"href":"https:\/\/agora.xtec.cat\/ieslajonquera\/wp-json\/wp\/v2\/tags?post=2899"}],"curies":[{"name":"wp","href":"https:\/\/api.w.org\/{rel}","templated":true}]}}