{"id":2889,"date":"2021-04-21T15:02:31","date_gmt":"2021-04-21T13:02:31","guid":{"rendered":"https:\/\/agora.xtec.cat\/ieslajonquera\/?p=2889"},"modified":"2021-04-21T15:03:24","modified_gmt":"2021-04-21T13:03:24","slug":"reunions-dorientacio-per-a-families-de-4t-deso","status":"publish","type":"post","link":"https:\/\/agora.xtec.cat\/ieslajonquera\/general\/reunions-dorientacio-per-a-families-de-4t-deso\/","title":{"rendered":"Reunions d&#8217;orientaci\u00f3 per a fam\u00edlies de 4t d&#8217;ESO"},"content":{"rendered":"<p style=\"text-align: justify;\">Benvolgudes fam\u00edlies,<\/p>\n<p>En el marc del pla d&#8217;orientaci\u00f3, el proper dia 27 d&#8217;abril hem programat diferents <strong>reunions d&#8217;orientaci\u00f3 per fam\u00edlies de 4t d&#8217;ESO<\/strong>, per tal que cadasc\u00fa de vosaltres pugueu assistir a aquella o aquelles que considereu adients. Les sessions s\u00f3n de caire informatiu i tenen com a objectiu informar i assessorar les fam\u00edlies en la orientaci\u00f3 pels estudis postobligatoris. Donada la situaci\u00f3 actual, les reunions seran en format telem\u00e0tic a trav\u00e9s de la plataforma Meet.<\/p>\n<p>Si esteu interessats a participar-hi, us demanem que empleneu el seg\u00fcent <a href=\"https:\/\/forms.gle\/wqCf2NytRJdcHiSS8\" target=\"_blank\" rel=\"noopener noreferrer\" data-saferedirecturl=\"https:\/\/www.google.com\/url?q=https:\/\/forms.gle\/wqCf2NytRJdcHiSS8&amp;source=gmail&amp;ust=1619096326397000&amp;usg=AFQjCNF2s7HcqPNsHak8wUCYGZZu9w-w3g\">formulari<\/a>, a trav\u00e9s del qual us enviarem l&#8217;enlla\u00e7 per poder-vos connectar a aquestes sessions.<\/p>\n<p>A les 18 h: <strong>La formaci\u00f3 professional: els Cicles Formatius de Grau Mig (CFGM)<\/strong><\/p>\n<p>A les 18.45 h: <strong>La formaci\u00f3 m\u00e9s acad\u00e8mica: el Batxillerat a l&#8217;Institut de La Jonquera<\/strong><\/p>\n<p>A les 19.15 h:\u00a0 <strong>Batxibac a l&#8217;Institut de La Jonquera<\/strong><\/p>\n<p>Atentament,<\/p>\n<div>\n<div>\n<div>\n<div dir=\"ltr\" data-smartmail=\"gmail_signature\">\n<div dir=\"ltr\">\n<div>\n<div dir=\"ltr\">\n<p style=\"text-align: justify;\">Institut de La Jonquera<\/p>\n<\/div>\n<\/div>\n<\/div>\n<\/div>\n<\/div>\n<\/div>\n<\/div>\n","protected":false},"excerpt":{"rendered":"<p>Benvolgudes fam\u00edlies,<br \/>\nEn el marc del pla d&#8217;orientaci\u00f3, el proper dia 27 d&#8217;abril hem programat diferents reunions d&#8217;orientaci\u00f3 per fam\u00edlies de 4t d&#8217;ESO, per tal que cadasc\u00fa de vosaltres pugueu assistir a aquella o aquelles que considereu adients. Les sessions s\u00f3n de caire informatiu i tenen&hellip;  <a href=\"https:\/\/agora.xtec.cat\/ieslajonquera\/general\/reunions-dorientacio-per-a-families-de-4t-deso\/\" title=\"Read Reunions d&#8217;orientaci\u00f3 per a fam\u00edlies de 4t d&#8217;ESO\">Llegeix m\u00e9s\u00bb<\/a><\/p>\n","protected":false},"author":3,"featured_media":0,"comment_status":"open","ping_status":"closed","sticky":false,"template":"","format":"standard","meta":{"_bbp_topic_count":0,"_bbp_reply_count":0,"_bbp_total_topic_count":0,"_bbp_total_reply_count":0,"_bbp_voice_count":0,"_bbp_anonymous_reply_count":0,"_bbp_topic_count_hidden":0,"_bbp_reply_count_hidden":0,"_bbp_forum_subforum_count":0,"footnotes":""},"categories":[3,1],"tags":[],"class_list":["post-2889","post","type-post","status-publish","format-standard","hentry","category-eso","category-general"],"post_mailing_queue_ids":[],"_links":{"self":[{"href":"https:\/\/agora.xtec.cat\/ieslajonquera\/wp-json\/wp\/v2\/posts\/2889","targetHints":{"allow":["GET"]}}],"collection":[{"href":"https:\/\/agora.xtec.cat\/ieslajonquera\/wp-json\/wp\/v2\/posts"}],"about":[{"href":"https:\/\/agora.xtec.cat\/ieslajonquera\/wp-json\/wp\/v2\/types\/post"}],"author":[{"embeddable":true,"href":"https:\/\/agora.xtec.cat\/ieslajonquera\/wp-json\/wp\/v2\/users\/3"}],"replies":[{"embeddable":true,"href":"https:\/\/agora.xtec.cat\/ieslajonquera\/wp-json\/wp\/v2\/comments?post=2889"}],"version-history":[{"count":2,"href":"https:\/\/agora.xtec.cat\/ieslajonquera\/wp-json\/wp\/v2\/posts\/2889\/revisions"}],"predecessor-version":[{"id":2891,"href":"https:\/\/agora.xtec.cat\/ieslajonquera\/wp-json\/wp\/v2\/posts\/2889\/revisions\/2891"}],"wp:attachment":[{"href":"https:\/\/agora.xtec.cat\/ieslajonquera\/wp-json\/wp\/v2\/media?parent=2889"}],"wp:term":[{"taxonomy":"category","embeddable":true,"href":"https:\/\/agora.xtec.cat\/ieslajonquera\/wp-json\/wp\/v2\/categories?post=2889"},{"taxonomy":"post_tag","embeddable":true,"href":"https:\/\/agora.xtec.cat\/ieslajonquera\/wp-json\/wp\/v2\/tags?post=2889"}],"curies":[{"name":"wp","href":"https:\/\/api.w.org\/{rel}","templated":true}]}}