{"id":2813,"date":"2021-03-23T19:35:54","date_gmt":"2021-03-23T18:35:54","guid":{"rendered":"https:\/\/agora.xtec.cat\/ieslajonquera\/?p=2813"},"modified":"2021-03-23T19:38:45","modified_gmt":"2021-03-23T18:38:45","slug":"lamina-docells-de-linstitut","status":"publish","type":"post","link":"https:\/\/agora.xtec.cat\/ieslajonquera\/general\/lamina-docells-de-linstitut\/","title":{"rendered":"L\u00e0mina d&#8217;ocells de l&#8217;institut"},"content":{"rendered":"<p><a href=\"https:\/\/agora.xtec.cat\/ieslajonquera\/wp-content\/uploads\/usu2014\/2021\/03\/INS-La-Jonquera-La-Jonquera1.jpg\"><img loading=\"lazy\" decoding=\"async\" class=\"wp-image-2814 alignleft\" src=\"https:\/\/agora.xtec.cat\/ieslajonquera\/wp-content\/uploads\/usu2014\/2021\/03\/INS-La-Jonquera-La-Jonquera1-300x212.jpg\" alt=\"\" width=\"449\" height=\"317\" srcset=\"https:\/\/agora.xtec.cat\/ieslajonquera\/wp-content\/uploads\/usu2014\/2021\/03\/INS-La-Jonquera-La-Jonquera1-300x212.jpg 300w, https:\/\/agora.xtec.cat\/ieslajonquera\/wp-content\/uploads\/usu2014\/2021\/03\/INS-La-Jonquera-La-Jonquera1-768x543.jpg 768w, https:\/\/agora.xtec.cat\/ieslajonquera\/wp-content\/uploads\/usu2014\/2021\/03\/INS-La-Jonquera-La-Jonquera1-1024x724.jpg 1024w\" sizes=\"auto, (max-width: 449px) 100vw, 449px\" \/><\/a><\/p>\n<p style=\"text-align: justify;\"><span style=\"font-family: arial, sans-serif;\">L&#8217;il\u00b7lustrador de natura \u00c0lex Mascarell ha elaborat una l\u00e0mina d&#8217;ocells per a l&#8217;institut a partir dels ocells que el professor Ernest Sala li ha explicat que es poden veure f\u00e0cilment a l&#8217;entorn del centre. <\/span><span style=\"font-family: arial, sans-serif;\">Aquest material servir\u00e0 als pofessors per seguir treballant la coneixen\u00e7a de l&#8217;entorn amb els alumnes.<\/span><\/p>\n<p style=\"text-align: justify;\"><span style=\"font-family: arial, sans-serif;\">L&#8217;autor \u00e9s dissenyador gr\u00e0fic de professi\u00f3, ornit\u00f2leg i educador ambiental, responsable del Departament de Producci\u00f3 i Comunicaci\u00f3 cient\u00edfica del Zoo de Barcelona, i col\u00b7laborador en diversos projectes de l\u2019Institut Catal\u00e0 d\u2019Ornitologia, aix\u00ed com de l\u2019Editorial Lynx Edicions.<\/span><\/p>\n<p>&nbsp;<\/p>\n","protected":false},"excerpt":{"rendered":"<p><a href=\"https:\/\/agora.xtec.cat\/ieslajonquera\/wp-content\/uploads\/usu2014\/2021\/03\/INS-La-Jonquera-La-Jonquera1.jpg\"><\/a><br \/>\nL&#8217;il\u00b7lustrador de natura \u00c0lex Mascarell ha elaborat una l\u00e0mina d&#8217;ocells per a l&#8217;institut a partir dels ocells que el professor Ernest Sala li ha explicat que es poden veure f\u00e0cilment a l&#8217;entorn del centre. Aquest material servir\u00e0 als pofessors per seguir treballant la coneixen\u00e7a&hellip;  <a href=\"https:\/\/agora.xtec.cat\/ieslajonquera\/general\/lamina-docells-de-linstitut\/\" title=\"Read L\u00e0mina d&#8217;ocells de l&#8217;institut\">Llegeix m\u00e9s\u00bb<\/a><\/p>\n","protected":false},"author":3,"featured_media":2814,"comment_status":"open","ping_status":"closed","sticky":false,"template":"","format":"standard","meta":{"_bbp_topic_count":0,"_bbp_reply_count":0,"_bbp_total_topic_count":0,"_bbp_total_reply_count":0,"_bbp_voice_count":0,"_bbp_anonymous_reply_count":0,"_bbp_topic_count_hidden":0,"_bbp_reply_count_hidden":0,"_bbp_forum_subforum_count":0,"footnotes":""},"categories":[1],"tags":[117],"class_list":["post-2813","post","type-post","status-publish","format-standard","has-post-thumbnail","hentry","category-general","tag-biologia"],"post_mailing_queue_ids":[],"_links":{"self":[{"href":"https:\/\/agora.xtec.cat\/ieslajonquera\/wp-json\/wp\/v2\/posts\/2813","targetHints":{"allow":["GET"]}}],"collection":[{"href":"https:\/\/agora.xtec.cat\/ieslajonquera\/wp-json\/wp\/v2\/posts"}],"about":[{"href":"https:\/\/agora.xtec.cat\/ieslajonquera\/wp-json\/wp\/v2\/types\/post"}],"author":[{"embeddable":true,"href":"https:\/\/agora.xtec.cat\/ieslajonquera\/wp-json\/wp\/v2\/users\/3"}],"replies":[{"embeddable":true,"href":"https:\/\/agora.xtec.cat\/ieslajonquera\/wp-json\/wp\/v2\/comments?post=2813"}],"version-history":[{"count":3,"href":"https:\/\/agora.xtec.cat\/ieslajonquera\/wp-json\/wp\/v2\/posts\/2813\/revisions"}],"predecessor-version":[{"id":2818,"href":"https:\/\/agora.xtec.cat\/ieslajonquera\/wp-json\/wp\/v2\/posts\/2813\/revisions\/2818"}],"wp:featuredmedia":[{"embeddable":true,"href":"https:\/\/agora.xtec.cat\/ieslajonquera\/wp-json\/wp\/v2\/media\/2814"}],"wp:attachment":[{"href":"https:\/\/agora.xtec.cat\/ieslajonquera\/wp-json\/wp\/v2\/media?parent=2813"}],"wp:term":[{"taxonomy":"category","embeddable":true,"href":"https:\/\/agora.xtec.cat\/ieslajonquera\/wp-json\/wp\/v2\/categories?post=2813"},{"taxonomy":"post_tag","embeddable":true,"href":"https:\/\/agora.xtec.cat\/ieslajonquera\/wp-json\/wp\/v2\/tags?post=2813"}],"curies":[{"name":"wp","href":"https:\/\/api.w.org\/{rel}","templated":true}]}}