{"id":2808,"date":"2021-03-22T18:26:44","date_gmt":"2021-03-22T17:26:44","guid":{"rendered":"https:\/\/agora.xtec.cat\/ieslajonquera\/?p=2808"},"modified":"2021-03-22T18:30:31","modified_gmt":"2021-03-22T17:30:31","slug":"cursa-solidaria","status":"publish","type":"post","link":"https:\/\/agora.xtec.cat\/ieslajonquera\/general\/cursa-solidaria\/","title":{"rendered":"Els alumnes de l&#8217;institut a la 5a cursa solid\u00e0ria &#8220;Corre per l&#8217;\u00c0frica&#8221;"},"content":{"rendered":"<p style=\"text-align: justify;\">Aquest mat\u00ed, de 9.30 h a 12 h, ha tingut lloc la cursa solid\u00e0ria organitzada per l&#8217;escola Josep Pe\u00f1uelas per recaptar diners per al projecte social de l&#8217;associaci\u00f3 Somriures de Madina Jambor. Hi han participat alumnes de tots el cursos de prim\u00e0ria i 1r i 2n d&#8217;ESO, mentre que els alumnes de 4t A han col\u00b7laborat en l&#8217;organitzaci\u00f3 de la mateixa.<\/p>\n<p><a href=\"https:\/\/agora.xtec.cat\/ieslajonquera\/wp-content\/uploads\/usu2014\/2021\/03\/IMG-20210322-WA0012.jpg\"><img loading=\"lazy\" decoding=\"async\" class=\"size-medium wp-image-2810 alignleft\" src=\"https:\/\/agora.xtec.cat\/ieslajonquera\/wp-content\/uploads\/usu2014\/2021\/03\/IMG-20210322-WA0012-300x225.jpg\" alt=\"\" width=\"300\" height=\"225\" srcset=\"https:\/\/agora.xtec.cat\/ieslajonquera\/wp-content\/uploads\/usu2014\/2021\/03\/IMG-20210322-WA0012-300x225.jpg 300w, https:\/\/agora.xtec.cat\/ieslajonquera\/wp-content\/uploads\/usu2014\/2021\/03\/IMG-20210322-WA0012-768x576.jpg 768w, https:\/\/agora.xtec.cat\/ieslajonquera\/wp-content\/uploads\/usu2014\/2021\/03\/IMG-20210322-WA0012-1024x768.jpg 1024w, https:\/\/agora.xtec.cat\/ieslajonquera\/wp-content\/uploads\/usu2014\/2021\/03\/IMG-20210322-WA0012-200x150.jpg 200w, https:\/\/agora.xtec.cat\/ieslajonquera\/wp-content\/uploads\/usu2014\/2021\/03\/IMG-20210322-WA0012.jpg 2048w\" sizes=\"auto, (max-width: 300px) 100vw, 300px\" \/><\/a>Podeu veure m\u00e9s fotos en aquest <a href=\"https:\/\/drive.google.com\/drive\/folders\/1HWJqkWIdOpxZRPlYug3FCKrN_PIMenoN?usp=sharing\">enlla\u00e7<\/a>.<\/p>\n<p>&nbsp;<\/p>\n","protected":false},"excerpt":{"rendered":"<p>Aquest mat\u00ed, de 9.30 h a 12 h, ha tingut lloc la cursa solid\u00e0ria organitzada per l&#8217;escola Josep Pe\u00f1uelas per recaptar diners per al projecte social de l&#8217;associaci\u00f3 Somriures de Madina Jambor. Hi han participat alumnes de tots el cursos de prim\u00e0ria i 1r i&hellip;  <a href=\"https:\/\/agora.xtec.cat\/ieslajonquera\/general\/cursa-solidaria\/\" title=\"Read Els alumnes de l&#8217;institut a la 5a cursa solid\u00e0ria &#8220;Corre per l&#8217;\u00c0frica&#8221;\">Llegeix m\u00e9s\u00bb<\/a><\/p>\n","protected":false},"author":3,"featured_media":2810,"comment_status":"open","ping_status":"closed","sticky":false,"template":"","format":"standard","meta":{"_bbp_topic_count":0,"_bbp_reply_count":0,"_bbp_total_topic_count":0,"_bbp_total_reply_count":0,"_bbp_voice_count":0,"_bbp_anonymous_reply_count":0,"_bbp_topic_count_hidden":0,"_bbp_reply_count_hidden":0,"_bbp_forum_subforum_count":0,"footnotes":""},"categories":[3,1],"tags":[120,111,127,122],"class_list":["post-2808","post","type-post","status-publish","format-standard","has-post-thumbnail","hentry","category-eso","category-general","tag-convivencia","tag-esport","tag-solidaritat","tag-valors"],"post_mailing_queue_ids":[],"_links":{"self":[{"href":"https:\/\/agora.xtec.cat\/ieslajonquera\/wp-json\/wp\/v2\/posts\/2808","targetHints":{"allow":["GET"]}}],"collection":[{"href":"https:\/\/agora.xtec.cat\/ieslajonquera\/wp-json\/wp\/v2\/posts"}],"about":[{"href":"https:\/\/agora.xtec.cat\/ieslajonquera\/wp-json\/wp\/v2\/types\/post"}],"author":[{"embeddable":true,"href":"https:\/\/agora.xtec.cat\/ieslajonquera\/wp-json\/wp\/v2\/users\/3"}],"replies":[{"embeddable":true,"href":"https:\/\/agora.xtec.cat\/ieslajonquera\/wp-json\/wp\/v2\/comments?post=2808"}],"version-history":[{"count":3,"href":"https:\/\/agora.xtec.cat\/ieslajonquera\/wp-json\/wp\/v2\/posts\/2808\/revisions"}],"predecessor-version":[{"id":2812,"href":"https:\/\/agora.xtec.cat\/ieslajonquera\/wp-json\/wp\/v2\/posts\/2808\/revisions\/2812"}],"wp:featuredmedia":[{"embeddable":true,"href":"https:\/\/agora.xtec.cat\/ieslajonquera\/wp-json\/wp\/v2\/media\/2810"}],"wp:attachment":[{"href":"https:\/\/agora.xtec.cat\/ieslajonquera\/wp-json\/wp\/v2\/media?parent=2808"}],"wp:term":[{"taxonomy":"category","embeddable":true,"href":"https:\/\/agora.xtec.cat\/ieslajonquera\/wp-json\/wp\/v2\/categories?post=2808"},{"taxonomy":"post_tag","embeddable":true,"href":"https:\/\/agora.xtec.cat\/ieslajonquera\/wp-json\/wp\/v2\/tags?post=2808"}],"curies":[{"name":"wp","href":"https:\/\/api.w.org\/{rel}","templated":true}]}}