{"id":2803,"date":"2021-03-19T13:30:48","date_gmt":"2021-03-19T12:30:48","guid":{"rendered":"https:\/\/agora.xtec.cat\/ieslajonquera\/?p=2803"},"modified":"2021-03-19T13:30:48","modified_gmt":"2021-03-19T12:30:48","slug":"v-jornada-de-difusio-dels-cfgm-a-4t-deso","status":"publish","type":"post","link":"https:\/\/agora.xtec.cat\/ieslajonquera\/general\/v-jornada-de-difusio-dels-cfgm-a-4t-deso\/","title":{"rendered":"V Jornada de difusi\u00f3 dels CFGM a 4t d&#8217;ESO"},"content":{"rendered":"<section id=\"h.9b1d6dcdaf92ba3_136\" class=\"yaqOZd\">\n<div class=\"mYVXT\">\n<div class=\"LS81yb VICjCf\" tabindex=\"-1\">\n<div class=\"hJDwNd-AhqUyc-EehZO purZT-AhqUyc-II5mzb pSzOP-AhqUyc-qWD73c JNdkSc\">\n<div class=\"JNdkSc-SmKAyb\">\n<div class=\"\">\n<div class=\"oKdM2c Kzv0Me\">\n<div id=\"h.9b1d6dcdaf92ba3_139\" class=\"hJDwNd-AhqUyc-EehZO jXK9ad D2fZ2 OjCsFc wHaque GNzUNc\">\n<div class=\"jXK9ad-SmKAyb\">\n<div class=\"tyJCtd mGzaTb baZpAe\">\n<p class=\"CjVfdc\" style=\"text-align: justify;\">Els alumnes de 4t d&#8217;ESO han participat en la V Jornada de Difusi\u00f3 dels Cicles Formatius de Grau Mitj\u00e0 de l&#8217;Alt Empord\u00e0, celebrada el 19 de mar\u00e7 de manera h\u00edbrida, amb una part telem\u00e0tica i una altra de presencial. El programa ha estat el seg\u00fcent:<\/p>\n<p class=\"CjVfdc\" style=\"text-align: justify;\"><strong style=\"font-family: inherit; font-size: 1em;\">9.00h<\/strong><span style=\"font-family: inherit; font-size: 1em;\">\u00a0Presentaci\u00f3 de la jornada<\/span><\/p>\n<\/div>\n<\/div>\n<\/div>\n<\/div>\n<\/div>\n<\/div>\n<\/div>\n<\/div>\n<\/div>\n<\/section>\n<section id=\"h.9b1d6dcdaf92ba3_140\" class=\"yaqOZd\">\n<div class=\"mYVXT\">\n<div class=\"LS81yb VICjCf\" tabindex=\"-1\">\n<div class=\"hJDwNd-AhqUyc-uQSCkd purZT-AhqUyc-II5mzb pSzOP-AhqUyc-qWD73c JNdkSc\">\n<div class=\"JNdkSc-SmKAyb\">\n<div class=\"\">\n<div class=\"oKdM2c Kzv0Me\">\n<div id=\"h.9b1d6dcdaf92ba3_143\" class=\"hJDwNd-AhqUyc-uQSCkd jXK9ad D2fZ2 OjCsFc wHaque GNzUNc\">\n<div class=\"jXK9ad-SmKAyb\">\n<div class=\"tyJCtd mGzaTb baZpAe\">\n<p class=\"CDt4Ke zfr3Q\" dir=\"ltr\" style=\"text-align: justify;\"><strong>9.10h<\/strong>\u00a0Xerrada motivacional a c\u00e0rrec de\u00a0Dani Lobato*<\/p>\n<p class=\"CDt4Ke zfr3Q\" dir=\"ltr\" style=\"text-align: justify;\"><strong>9.40h<\/strong>\u00a0Presentaci\u00f3 de la web de promoci\u00f3 dels CFGM<\/p>\n<p class=\"CDt4Ke zfr3Q\" dir=\"ltr\" style=\"text-align: justify;\"><strong>9.50h<\/strong>\u00a0Visualitzaci\u00f3 de la web amb el grup classe\u00a0a c\u00e0rrec de cada centre<\/p>\n<p class=\"CDt4Ke zfr3Q\" dir=\"ltr\" style=\"text-align: justify;\"><strong>10.50<\/strong>\u00a0Connexi\u00f3 conjunta\u00a0amb\u00a0tots els professors\/es referents de cada cicle.<\/p>\n<p class=\"CDt4Ke zfr3Q\" dir=\"ltr\" style=\"text-align: justify;\"><strong>11.00<\/strong> Finalitza la jornada i s\u2019empla\u00e7a l\u2019alumnat i fam\u00edlies a realitzar les consultes<strong>\u00a0<\/strong>els dies 24 i 25 de mar\u00e7.<\/p>\n<div id=\"h.wlvggz3rxxa8\" class=\"GV3q8e aP9Z7e\" style=\"text-align: justify;\"><\/div>\n<p class=\"CDt4Ke zfr3Q\" dir=\"ltr\" style=\"text-align: justify;\">*Dani Lobato: \u00c9s t\u00e8cnic d\u2019esports a l&#8217;ajuntament de Cadaqu\u00e9s i soci fundador de l\u2019empresa Go e-bikes Cadaqu\u00e9s en proc\u00e9s de creaci\u00f3. \u00c9s Titulat en t\u00e8cnic superior en animaci\u00f3 d&#8217;activitats f\u00edsiques i esportives i t\u00e8cnic en conducci\u00f3 d&#8217;activitats fisicoesportives al medi natural.<\/p>\n<figure class=\"figure wp-caption aligncenter\"><a href=\"https:\/\/agora.xtec.cat\/ieslajonquera\/wp-content\/uploads\/usu2014\/2021\/03\/IMG_20210319_104831.jpg\"><img loading=\"lazy\" decoding=\"async\" class=\"size-medium wp-image-2805\" src=\"https:\/\/agora.xtec.cat\/ieslajonquera\/wp-content\/uploads\/usu2014\/2021\/03\/IMG_20210319_104831-225x300.jpg\" alt=\"\" width=\"225\" height=\"300\" srcset=\"https:\/\/agora.xtec.cat\/ieslajonquera\/wp-content\/uploads\/usu2014\/2021\/03\/IMG_20210319_104831-225x300.jpg 225w, https:\/\/agora.xtec.cat\/ieslajonquera\/wp-content\/uploads\/usu2014\/2021\/03\/IMG_20210319_104831-768x1024.jpg 768w\" sizes=\"auto, (max-width: 225px) 100vw, 225px\" \/><\/a><figcaption class=\"wp-caption-text\">dig<\/figcaption><\/figure>\n<\/div>\n<\/div>\n<\/div>\n<\/div>\n<\/div>\n<\/div>\n<\/div>\n<\/div>\n<\/div>\n<\/section>\n","protected":false},"excerpt":{"rendered":"<p>Els alumnes de 4t d&#8217;ESO han participat en la V Jornada de Difusi\u00f3 dels Cicles Formatius de Grau Mitj\u00e0 de l&#8217;Alt Empord\u00e0, celebrada el 19 de mar\u00e7 de manera h\u00edbrida, amb una part telem\u00e0tica i una altra de presencial. El programa ha estat el seg\u00fcent:<br \/>\n9.00h\u00a0Presentaci\u00f3&hellip;  <a href=\"https:\/\/agora.xtec.cat\/ieslajonquera\/general\/v-jornada-de-difusio-dels-cfgm-a-4t-deso\/\" title=\"Read V Jornada de difusi\u00f3 dels CFGM a 4t d&#8217;ESO\">Llegeix m\u00e9s\u00bb<\/a><\/p>\n","protected":false},"author":3,"featured_media":2805,"comment_status":"open","ping_status":"closed","sticky":false,"template":"","format":"standard","meta":{"_bbp_topic_count":0,"_bbp_reply_count":0,"_bbp_total_topic_count":0,"_bbp_total_reply_count":0,"_bbp_voice_count":0,"_bbp_anonymous_reply_count":0,"_bbp_topic_count_hidden":0,"_bbp_reply_count_hidden":0,"_bbp_forum_subforum_count":0,"footnotes":""},"categories":[3,1],"tags":[139],"class_list":["post-2803","post","type-post","status-publish","format-standard","has-post-thumbnail","hentry","category-eso","category-general","tag-orientacio"],"post_mailing_queue_ids":[],"_links":{"self":[{"href":"https:\/\/agora.xtec.cat\/ieslajonquera\/wp-json\/wp\/v2\/posts\/2803","targetHints":{"allow":["GET"]}}],"collection":[{"href":"https:\/\/agora.xtec.cat\/ieslajonquera\/wp-json\/wp\/v2\/posts"}],"about":[{"href":"https:\/\/agora.xtec.cat\/ieslajonquera\/wp-json\/wp\/v2\/types\/post"}],"author":[{"embeddable":true,"href":"https:\/\/agora.xtec.cat\/ieslajonquera\/wp-json\/wp\/v2\/users\/3"}],"replies":[{"embeddable":true,"href":"https:\/\/agora.xtec.cat\/ieslajonquera\/wp-json\/wp\/v2\/comments?post=2803"}],"version-history":[{"count":2,"href":"https:\/\/agora.xtec.cat\/ieslajonquera\/wp-json\/wp\/v2\/posts\/2803\/revisions"}],"predecessor-version":[{"id":2806,"href":"https:\/\/agora.xtec.cat\/ieslajonquera\/wp-json\/wp\/v2\/posts\/2803\/revisions\/2806"}],"wp:featuredmedia":[{"embeddable":true,"href":"https:\/\/agora.xtec.cat\/ieslajonquera\/wp-json\/wp\/v2\/media\/2805"}],"wp:attachment":[{"href":"https:\/\/agora.xtec.cat\/ieslajonquera\/wp-json\/wp\/v2\/media?parent=2803"}],"wp:term":[{"taxonomy":"category","embeddable":true,"href":"https:\/\/agora.xtec.cat\/ieslajonquera\/wp-json\/wp\/v2\/categories?post=2803"},{"taxonomy":"post_tag","embeddable":true,"href":"https:\/\/agora.xtec.cat\/ieslajonquera\/wp-json\/wp\/v2\/tags?post=2803"}],"curies":[{"name":"wp","href":"https:\/\/api.w.org\/{rel}","templated":true}]}}