{"id":2800,"date":"2021-03-18T19:07:45","date_gmt":"2021-03-18T18:07:45","guid":{"rendered":"https:\/\/agora.xtec.cat\/ieslajonquera\/?p=2800"},"modified":"2021-03-18T19:08:33","modified_gmt":"2021-03-18T18:08:33","slug":"participacio-en-la-prova-cangur-2021","status":"publish","type":"post","link":"https:\/\/agora.xtec.cat\/ieslajonquera\/general\/participacio-en-la-prova-cangur-2021\/","title":{"rendered":"Participaci\u00f3 en la Prova Cangur 2021"},"content":{"rendered":"<p style=\"text-align: justify;\">Alguns alumnes de 3r d&#8217;ESO han participat en la Prova Cangur 2021. Aquest curs, per les circumst\u00e0ncies derivades de la Covid-19, el concurs s&#8217;ha portat a terme a dins dels centres i s\u00f3n aquests qui decidiran, en funci\u00f3 dels resultats obtinguts, si els incorporen al Concurs Cangur o en fa una avaluaci\u00f3 interna.<\/p>\n<p><a href=\"https:\/\/agora.xtec.cat\/ieslajonquera\/wp-content\/uploads\/usu2014\/2021\/03\/16160652203751.jpg\"><img loading=\"lazy\" decoding=\"async\" class=\"aligncenter size-medium wp-image-2801\" src=\"https:\/\/agora.xtec.cat\/ieslajonquera\/wp-content\/uploads\/usu2014\/2021\/03\/16160652203751-300x224.jpg\" alt=\"\" width=\"300\" height=\"224\" \/><\/a>La Prova Cangur (tamb\u00e9 coneguda com <i><b>International Mathematical Kangaroo<\/b><\/i> o <i><b>Kangourou sans Fronti\u00e8res<\/b><\/i>) \u00e9s un <span style=\"color: #000000;\">concurs <\/span>preuniversitari de matem\u00e0tiques que s&#8217;organitza en m\u00e9s de 30 pa\u00efsos, amb l&#8217;objectiu d&#8217;acostar les matem\u00e0tiques als m\u00e9s joves i intentar despertar el seu inter\u00e8s a trav\u00e9s dels problemes. <sup id=\"cite_ref-ed2015_1-0\" class=\"reference\"><\/sup>La competici\u00f3 es porta a terme anualment al mes de mar\u00e7. Segons l&#8217;opini\u00f3 dels organitzadors, les compet\u00e8ncies que es posen a prova al Cangur s\u00f3n una combinaci\u00f3 entre la l\u00f2gica i les matem\u00e0tiques, no \u00fanicament el coneixement de f\u00f3rmules.<\/p>\n","protected":false},"excerpt":{"rendered":"<p>Alguns alumnes de 3r d&#8217;ESO han participat en la Prova Cangur 2021. Aquest curs, per les circumst\u00e0ncies derivades de la Covid-19, el concurs s&#8217;ha portat a terme a dins dels centres i s\u00f3n aquests qui decidiran, en funci\u00f3 dels resultats obtinguts, si els incorporen al&hellip;  <a href=\"https:\/\/agora.xtec.cat\/ieslajonquera\/general\/participacio-en-la-prova-cangur-2021\/\" title=\"Read Participaci\u00f3 en la Prova Cangur 2021\">Llegeix m\u00e9s\u00bb<\/a><\/p>\n","protected":false},"author":3,"featured_media":0,"comment_status":"open","ping_status":"closed","sticky":false,"template":"","format":"standard","meta":{"_bbp_topic_count":0,"_bbp_reply_count":0,"_bbp_total_topic_count":0,"_bbp_total_reply_count":0,"_bbp_voice_count":0,"_bbp_anonymous_reply_count":0,"_bbp_topic_count_hidden":0,"_bbp_reply_count_hidden":0,"_bbp_forum_subforum_count":0,"footnotes":""},"categories":[3,1],"tags":[106,131],"class_list":["post-2800","post","type-post","status-publish","format-standard","hentry","category-eso","category-general","tag-concurs","tag-matematiques"],"post_mailing_queue_ids":[],"_links":{"self":[{"href":"https:\/\/agora.xtec.cat\/ieslajonquera\/wp-json\/wp\/v2\/posts\/2800","targetHints":{"allow":["GET"]}}],"collection":[{"href":"https:\/\/agora.xtec.cat\/ieslajonquera\/wp-json\/wp\/v2\/posts"}],"about":[{"href":"https:\/\/agora.xtec.cat\/ieslajonquera\/wp-json\/wp\/v2\/types\/post"}],"author":[{"embeddable":true,"href":"https:\/\/agora.xtec.cat\/ieslajonquera\/wp-json\/wp\/v2\/users\/3"}],"replies":[{"embeddable":true,"href":"https:\/\/agora.xtec.cat\/ieslajonquera\/wp-json\/wp\/v2\/comments?post=2800"}],"version-history":[{"count":1,"href":"https:\/\/agora.xtec.cat\/ieslajonquera\/wp-json\/wp\/v2\/posts\/2800\/revisions"}],"predecessor-version":[{"id":2802,"href":"https:\/\/agora.xtec.cat\/ieslajonquera\/wp-json\/wp\/v2\/posts\/2800\/revisions\/2802"}],"wp:attachment":[{"href":"https:\/\/agora.xtec.cat\/ieslajonquera\/wp-json\/wp\/v2\/media?parent=2800"}],"wp:term":[{"taxonomy":"category","embeddable":true,"href":"https:\/\/agora.xtec.cat\/ieslajonquera\/wp-json\/wp\/v2\/categories?post=2800"},{"taxonomy":"post_tag","embeddable":true,"href":"https:\/\/agora.xtec.cat\/ieslajonquera\/wp-json\/wp\/v2\/tags?post=2800"}],"curies":[{"name":"wp","href":"https:\/\/api.w.org\/{rel}","templated":true}]}}