{"id":2790,"date":"2021-03-18T18:21:30","date_gmt":"2021-03-18T17:21:30","guid":{"rendered":"https:\/\/agora.xtec.cat\/ieslajonquera\/?p=2790"},"modified":"2021-03-22T18:21:33","modified_gmt":"2021-03-22T17:21:33","slug":"5a-cursa-solidaria-corre-per-lafrica","status":"publish","type":"post","link":"https:\/\/agora.xtec.cat\/ieslajonquera\/general\/5a-cursa-solidaria-corre-per-lafrica\/","title":{"rendered":"5a cursa solid\u00e0ria &#8220;Corre per l&#8217;\u00c0frica&#8221;"},"content":{"rendered":"<table style=\"width: 1033px; height: 251px;\">\n<tbody>\n<tr style=\"height: 251px;\">\n<td style=\"width: 281.133px; height: 251px;\"><a href=\"https:\/\/agora.xtec.cat\/ieslajonquera\/wp-content\/uploads\/usu2014\/2021\/03\/LINS-La-Jonquera-se-suma-a-la.png\"><img loading=\"lazy\" decoding=\"async\" class=\" wp-image-2791 alignleft\" src=\"https:\/\/agora.xtec.cat\/ieslajonquera\/wp-content\/uploads\/usu2014\/2021\/03\/LINS-La-Jonquera-se-suma-a-la-300x300.png\" alt=\"\" width=\"266\" height=\"266\" \/><\/a><\/td>\n<td style=\"width: 287.883px; height: 251px;\"><a href=\"https:\/\/agora.xtec.cat\/ieslajonquera\/wp-content\/uploads\/usu2014\/2021\/03\/LINS-La-Jonquera-se-suma-a-la1.png\"><img loading=\"lazy\" decoding=\"async\" class=\"aligncenter wp-image-2792\" src=\"https:\/\/agora.xtec.cat\/ieslajonquera\/wp-content\/uploads\/usu2014\/2021\/03\/LINS-La-Jonquera-se-suma-a-la1-300x300.png\" alt=\"\" width=\"265\" height=\"265\" \/><\/a><\/td>\n<td style=\"width: 453.983px; height: 251px;\">\n<p style=\"text-align: justify;\">Des de l&#8217;institut col\u00b7laborem amb la cursa solid\u00e0ria que organitza l&#8217;escola Josep Pe\u00f1uelas per recaptar diners per al projecte social de l&#8217;associaci\u00f3 Somriures de Madina Jambor.<\/p>\n<p style=\"text-align: justify;\">Aquesta cursa es dur\u00e0 a terme el dilluns 22 de mar\u00e7 al mat\u00ed, de 9.30 h a 12 h, pels carrers propers a l&#8217;escola. Aquest any hi participaran els alumnes de 1r i 2n d&#8217;ESO, i els alumnes de 4tA ajudaran en l&#8217;organitzaci\u00f3.<\/p>\n<p style=\"text-align: justify;\">Els guanys de la cursa aniran destinats \u00edntegrament a l&#8217;associaci\u00f3 Somriures Madina Jambor a G\u00e0mbia (\u00c0frica).<\/p>\n<p style=\"text-align: justify;\">Si voleu col\u00b7laborar amb l&#8217;associaci\u00f3 podeu:<\/p>\n<ul>\n<li style=\"text-align: justify;\">Comprar la motxilla (6 euros) o el pack de motxilla i ampolla (10 euros) que trobareu a l&#8217;escola.<\/li>\n<li style=\"text-align: justify;\">Fer-vos socis de l&#8217;associaci\u00f3 per 50 euros tot l&#8217;any (butlleta d&#8217;inscripci\u00f3 a l&#8217;escola).<\/li>\n<\/ul>\n<\/td>\n<\/tr>\n<\/tbody>\n<\/table>\n<p>&nbsp;<\/p>\n","protected":false},"excerpt":{"rendered":"<p><a href=\"https:\/\/agora.xtec.cat\/ieslajonquera\/wp-content\/uploads\/usu2014\/2021\/03\/LINS-La-Jonquera-se-suma-a-la.png\"><\/a><br \/>\n<a href=\"https:\/\/agora.xtec.cat\/ieslajonquera\/wp-content\/uploads\/usu2014\/2021\/03\/LINS-La-Jonquera-se-suma-a-la1.png\"><\/a><\/p>\n<p>Des de l&#8217;institut col\u00b7laborem amb la cursa solid\u00e0ria que organitza l&#8217;escola Josep Pe\u00f1uelas per recaptar diners per al projecte social de l&#8217;associaci\u00f3 Somriures de Madina Jambor.<br \/>\nAquesta cursa es dur\u00e0 a terme el dilluns 22 de mar\u00e7 al mat\u00ed, de 9.30 h a 12&hellip;  <a href=\"https:\/\/agora.xtec.cat\/ieslajonquera\/general\/5a-cursa-solidaria-corre-per-lafrica\/\" title=\"Read 5a cursa solid\u00e0ria &#8220;Corre per l&#8217;\u00c0frica&#8221;\">Llegeix m\u00e9s\u00bb<\/a><\/p>\n","protected":false},"author":3,"featured_media":0,"comment_status":"open","ping_status":"closed","sticky":false,"template":"","format":"standard","meta":{"_bbp_topic_count":0,"_bbp_reply_count":0,"_bbp_total_topic_count":0,"_bbp_total_reply_count":0,"_bbp_voice_count":0,"_bbp_anonymous_reply_count":0,"_bbp_topic_count_hidden":0,"_bbp_reply_count_hidden":0,"_bbp_forum_subforum_count":0,"footnotes":""},"categories":[1],"tags":[111,127,122],"class_list":["post-2790","post","type-post","status-publish","format-standard","hentry","category-general","tag-esport","tag-solidaritat","tag-valors"],"post_mailing_queue_ids":[],"_links":{"self":[{"href":"https:\/\/agora.xtec.cat\/ieslajonquera\/wp-json\/wp\/v2\/posts\/2790","targetHints":{"allow":["GET"]}}],"collection":[{"href":"https:\/\/agora.xtec.cat\/ieslajonquera\/wp-json\/wp\/v2\/posts"}],"about":[{"href":"https:\/\/agora.xtec.cat\/ieslajonquera\/wp-json\/wp\/v2\/types\/post"}],"author":[{"embeddable":true,"href":"https:\/\/agora.xtec.cat\/ieslajonquera\/wp-json\/wp\/v2\/users\/3"}],"replies":[{"embeddable":true,"href":"https:\/\/agora.xtec.cat\/ieslajonquera\/wp-json\/wp\/v2\/comments?post=2790"}],"version-history":[{"count":2,"href":"https:\/\/agora.xtec.cat\/ieslajonquera\/wp-json\/wp\/v2\/posts\/2790\/revisions"}],"predecessor-version":[{"id":2807,"href":"https:\/\/agora.xtec.cat\/ieslajonquera\/wp-json\/wp\/v2\/posts\/2790\/revisions\/2807"}],"wp:attachment":[{"href":"https:\/\/agora.xtec.cat\/ieslajonquera\/wp-json\/wp\/v2\/media?parent=2790"}],"wp:term":[{"taxonomy":"category","embeddable":true,"href":"https:\/\/agora.xtec.cat\/ieslajonquera\/wp-json\/wp\/v2\/categories?post=2790"},{"taxonomy":"post_tag","embeddable":true,"href":"https:\/\/agora.xtec.cat\/ieslajonquera\/wp-json\/wp\/v2\/tags?post=2790"}],"curies":[{"name":"wp","href":"https:\/\/api.w.org\/{rel}","templated":true}]}}