{"id":2788,"date":"2021-03-26T20:24:36","date_gmt":"2021-03-26T19:24:36","guid":{"rendered":"https:\/\/agora.xtec.cat\/ieslajonquera\/?p=2788"},"modified":"2021-03-26T20:28:06","modified_gmt":"2021-03-26T19:28:06","slug":"resum-de-les-activitats-mes-recents-al-mume","status":"publish","type":"post","link":"https:\/\/agora.xtec.cat\/ieslajonquera\/general\/resum-de-les-activitats-mes-recents-al-mume\/","title":{"rendered":"Resum de les activitats m\u00e9s recents al MUME"},"content":{"rendered":"<p style=\"text-align: justify;\">El <a href=\"https:\/\/museuexili.cat\/ca\/\">Museu Memorial de l&#8217;Exili<\/a> (MUME) est\u00e0 situat a uns dos-cents metres de l&#8217;institut. Per aquesta proximitat i perqu\u00e8 no podem obviar que l&#8217;institut \u00e9s a la frontera i que aquesta va ser testimoni del cam\u00ed cap a l&#8217;exili d&#8217;aproximadament mig mili\u00f3 de persones, des del centre s&#8217;est\u00e0 articulant un projecte de car\u00e0cter transversal que s&#8217;iniciar\u00e0 el curs vinent amb l&#8217;objectiu de donar a con\u00e9ixer la Guerra Civil i l&#8217;exili als alumnes.<\/p>\n<p>Amb aquest mateix objectiu, els alumnes de tots els cursos de l&#8217;ESO han participat en alguna de les activitats que proposa el MUME:<\/p>\n<p style=\"text-align: justify;\">Els alumnes de <a href=\"https:\/\/drive.google.com\/drive\/folders\/1_V5ArI1ZbrKX1WOA8VLniNzjskW0OTSj?usp=sharing\">1r d&#8217;ESO<\/a>, abans de les vacances de Nadal, van fer una visita guiada a l&#8217;exposici\u00f3 permanent.<\/p>\n<p style=\"text-align: justify;\">Recentment, els alumnes de <a href=\"https:\/\/drive.google.com\/drive\/folders\/1cfYM-65tcxzzAdX6pFMxFeXqvfUDaqbm?usp=sharing\">2n d&#8217;ESO<\/a> han fet el taller &#8220;Not\u00edcies de l&#8217;exili&#8221;, que consta d\u2019una visita al MUME i d\u2019un taller a l\u2019aula pedag\u00f2gica del mateix museu, a m\u00e9s d\u2019unes propostes de treball previ i posterior a l\u2019institut. L&#8217;objectiu \u00e9s que els estudiants treballin al llarg d\u2019un mat\u00ed, de manera participativa i l\u00fadica, com a reporters i experts en periodisme d\u2019investigaci\u00f3, tot endinsant-se en el m\u00f3n de la mem\u00f2ria col\u00b7lectiva i individual &#8211; mitjan\u00e7ant les t\u00e8cniques pr\u00f2pies de la hist\u00f2ria oral -, en la recollida d\u2019informaci\u00f3 d\u2019altres fonts documentals i en el tractament i comunicaci\u00f3 d\u2019acord amb els mitjans televisius.<\/p>\n<p style=\"text-align: justify;\">Finalment, els alumnes de <a href=\"https:\/\/drive.google.com\/drive\/folders\/1cRfeybfBZatWwh8mFzCnJZnGIxHk76fI?usp=sharing\">3r <\/a>i <a href=\"https:\/\/drive.google.com\/drive\/folders\/1tkhnqXffqypRW_OaxOhGu9C071kBZ31N?usp=sharing\">4t d&#8217;ESO<\/a> han participat en el projecte participatiu &#8220;Homenatges&#8221;, de Petra Vlasman, basat en la mem\u00f2ria familiar de fets passats a trav\u00e9s dels objectes. Segons l&#8217;artista: &#8220;Els objectes que ens envolten s\u00f3n una part intr\u00ednseca de les nostres vides. Conviuen amb nosaltres, s\u00f3n socis silenciosos i mantenen les mem\u00f2ries i les interpretacions de les experi\u00e8ncies que vivim. Aquests objectes poden esdevenir quelcom a qu\u00e8 aferrar-nos, ens poden proporcionar comoditat, esperan\u00e7a, resili\u00e8ncia, \u00e0nim, un prop\u00f2sit o una sensaci\u00f3 de connexi\u00f3 quan van associats a una experi\u00e8ncia que t\u00e9 un impacte important en la nostra vida.&#8221;<\/p>\n<p><a href=\"https:\/\/agora.xtec.cat\/ieslajonquera\/wp-content\/uploads\/usu2014\/2021\/03\/IMG-20210319-WA0002.jpg\"><img loading=\"lazy\" decoding=\"async\" class=\" wp-image-2842 alignleft\" src=\"https:\/\/agora.xtec.cat\/ieslajonquera\/wp-content\/uploads\/usu2014\/2021\/03\/IMG-20210319-WA0002-300x225.jpg\" alt=\"\" width=\"204\" height=\"153\" srcset=\"https:\/\/agora.xtec.cat\/ieslajonquera\/wp-content\/uploads\/usu2014\/2021\/03\/IMG-20210319-WA0002-300x225.jpg 300w, https:\/\/agora.xtec.cat\/ieslajonquera\/wp-content\/uploads\/usu2014\/2021\/03\/IMG-20210319-WA0002-768x576.jpg 768w, https:\/\/agora.xtec.cat\/ieslajonquera\/wp-content\/uploads\/usu2014\/2021\/03\/IMG-20210319-WA0002-1024x768.jpg 1024w, https:\/\/agora.xtec.cat\/ieslajonquera\/wp-content\/uploads\/usu2014\/2021\/03\/IMG-20210319-WA0002-200x150.jpg 200w, https:\/\/agora.xtec.cat\/ieslajonquera\/wp-content\/uploads\/usu2014\/2021\/03\/IMG-20210319-WA0002.jpg 2048w\" sizes=\"auto, (max-width: 204px) 100vw, 204px\" \/><\/a><a href=\"https:\/\/agora.xtec.cat\/ieslajonquera\/wp-content\/uploads\/usu2014\/2021\/03\/IMG-20210325-WA0002.jpg\"><img loading=\"lazy\" decoding=\"async\" class=\" wp-image-2843 alignleft\" src=\"https:\/\/agora.xtec.cat\/ieslajonquera\/wp-content\/uploads\/usu2014\/2021\/03\/IMG-20210325-WA0002-300x225.jpg\" alt=\"\" width=\"204\" height=\"153\" srcset=\"https:\/\/agora.xtec.cat\/ieslajonquera\/wp-content\/uploads\/usu2014\/2021\/03\/IMG-20210325-WA0002-300x225.jpg 300w, https:\/\/agora.xtec.cat\/ieslajonquera\/wp-content\/uploads\/usu2014\/2021\/03\/IMG-20210325-WA0002-768x576.jpg 768w, https:\/\/agora.xtec.cat\/ieslajonquera\/wp-content\/uploads\/usu2014\/2021\/03\/IMG-20210325-WA0002-1024x768.jpg 1024w, https:\/\/agora.xtec.cat\/ieslajonquera\/wp-content\/uploads\/usu2014\/2021\/03\/IMG-20210325-WA0002-200x150.jpg 200w, https:\/\/agora.xtec.cat\/ieslajonquera\/wp-content\/uploads\/usu2014\/2021\/03\/IMG-20210325-WA0002.jpg 2048w\" sizes=\"auto, (max-width: 204px) 100vw, 204px\" \/><\/a><a href=\"https:\/\/agora.xtec.cat\/ieslajonquera\/wp-content\/uploads\/usu2014\/2021\/03\/20210317_1317341.jpg\"><img loading=\"lazy\" decoding=\"async\" class=\" wp-image-2844 alignleft\" src=\"https:\/\/agora.xtec.cat\/ieslajonquera\/wp-content\/uploads\/usu2014\/2021\/03\/20210317_1317341-300x169.jpg\" alt=\"\" width=\"275\" height=\"155\" srcset=\"https:\/\/agora.xtec.cat\/ieslajonquera\/wp-content\/uploads\/usu2014\/2021\/03\/20210317_1317341-300x169.jpg 300w, https:\/\/agora.xtec.cat\/ieslajonquera\/wp-content\/uploads\/usu2014\/2021\/03\/20210317_1317341-768x432.jpg 768w, https:\/\/agora.xtec.cat\/ieslajonquera\/wp-content\/uploads\/usu2014\/2021\/03\/20210317_1317341-1024x576.jpg 1024w\" sizes=\"auto, (max-width: 275px) 100vw, 275px\" \/><\/a><a href=\"https:\/\/agora.xtec.cat\/ieslajonquera\/wp-content\/uploads\/usu2014\/2021\/03\/IMG-20210316-WA0000.jpg\"><img loading=\"lazy\" decoding=\"async\" class=\" wp-image-2845 alignleft\" src=\"https:\/\/agora.xtec.cat\/ieslajonquera\/wp-content\/uploads\/usu2014\/2021\/03\/IMG-20210316-WA0000-300x225.jpg\" alt=\"\" width=\"207\" height=\"155\" srcset=\"https:\/\/agora.xtec.cat\/ieslajonquera\/wp-content\/uploads\/usu2014\/2021\/03\/IMG-20210316-WA0000-300x225.jpg 300w, https:\/\/agora.xtec.cat\/ieslajonquera\/wp-content\/uploads\/usu2014\/2021\/03\/IMG-20210316-WA0000-768x576.jpg 768w, https:\/\/agora.xtec.cat\/ieslajonquera\/wp-content\/uploads\/usu2014\/2021\/03\/IMG-20210316-WA0000-1024x768.jpg 1024w, https:\/\/agora.xtec.cat\/ieslajonquera\/wp-content\/uploads\/usu2014\/2021\/03\/IMG-20210316-WA0000-200x150.jpg 200w, https:\/\/agora.xtec.cat\/ieslajonquera\/wp-content\/uploads\/usu2014\/2021\/03\/IMG-20210316-WA0000.jpg 2048w\" sizes=\"auto, (max-width: 207px) 100vw, 207px\" \/><\/a><\/p>\n","protected":false},"excerpt":{"rendered":"<p>El <a href=\"https:\/\/museuexili.cat\/ca\/\">Museu Memorial de l&#8217;Exili<\/a> (MUME) est\u00e0 situat a uns dos-cents metres de l&#8217;institut. Per aquesta proximitat i perqu\u00e8 no podem obviar que l&#8217;institut \u00e9s a la frontera i que aquesta va ser testimoni del cam\u00ed cap a l&#8217;exili d&#8217;aproximadament mig mili\u00f3 de persones,&hellip;  <a href=\"https:\/\/agora.xtec.cat\/ieslajonquera\/general\/resum-de-les-activitats-mes-recents-al-mume\/\" title=\"Read Resum de les activitats m\u00e9s recents al MUME\">Llegeix m\u00e9s\u00bb<\/a><\/p>\n","protected":false},"author":3,"featured_media":2845,"comment_status":"open","ping_status":"closed","sticky":false,"template":"","format":"standard","meta":{"_bbp_topic_count":0,"_bbp_reply_count":0,"_bbp_total_topic_count":0,"_bbp_total_reply_count":0,"_bbp_voice_count":0,"_bbp_anonymous_reply_count":0,"_bbp_topic_count_hidden":0,"_bbp_reply_count_hidden":0,"_bbp_forum_subforum_count":0,"footnotes":""},"categories":[3,1],"tags":[145,132],"class_list":["post-2788","post","type-post","status-publish","format-standard","has-post-thumbnail","hentry","category-eso","category-general","tag-historia","tag-projectes"],"post_mailing_queue_ids":[],"_links":{"self":[{"href":"https:\/\/agora.xtec.cat\/ieslajonquera\/wp-json\/wp\/v2\/posts\/2788","targetHints":{"allow":["GET"]}}],"collection":[{"href":"https:\/\/agora.xtec.cat\/ieslajonquera\/wp-json\/wp\/v2\/posts"}],"about":[{"href":"https:\/\/agora.xtec.cat\/ieslajonquera\/wp-json\/wp\/v2\/types\/post"}],"author":[{"embeddable":true,"href":"https:\/\/agora.xtec.cat\/ieslajonquera\/wp-json\/wp\/v2\/users\/3"}],"replies":[{"embeddable":true,"href":"https:\/\/agora.xtec.cat\/ieslajonquera\/wp-json\/wp\/v2\/comments?post=2788"}],"version-history":[{"count":3,"href":"https:\/\/agora.xtec.cat\/ieslajonquera\/wp-json\/wp\/v2\/posts\/2788\/revisions"}],"predecessor-version":[{"id":2848,"href":"https:\/\/agora.xtec.cat\/ieslajonquera\/wp-json\/wp\/v2\/posts\/2788\/revisions\/2848"}],"wp:featuredmedia":[{"embeddable":true,"href":"https:\/\/agora.xtec.cat\/ieslajonquera\/wp-json\/wp\/v2\/media\/2845"}],"wp:attachment":[{"href":"https:\/\/agora.xtec.cat\/ieslajonquera\/wp-json\/wp\/v2\/media?parent=2788"}],"wp:term":[{"taxonomy":"category","embeddable":true,"href":"https:\/\/agora.xtec.cat\/ieslajonquera\/wp-json\/wp\/v2\/categories?post=2788"},{"taxonomy":"post_tag","embeddable":true,"href":"https:\/\/agora.xtec.cat\/ieslajonquera\/wp-json\/wp\/v2\/tags?post=2788"}],"curies":[{"name":"wp","href":"https:\/\/api.w.org\/{rel}","templated":true}]}}