{"id":2766,"date":"2021-03-12T19:33:07","date_gmt":"2021-03-12T18:33:07","guid":{"rendered":"https:\/\/agora.xtec.cat\/ieslajonquera\/?p=2766"},"modified":"2021-07-13T22:24:21","modified_gmt":"2021-07-13T20:24:21","slug":"resum-de-les-activitats-de-la-setmana-de-la-dona","status":"publish","type":"post","link":"https:\/\/agora.xtec.cat\/ieslajonquera\/general\/resum-de-les-activitats-de-la-setmana-de-la-dona\/","title":{"rendered":"Resum de les activitats de la Setmana de la Dona"},"content":{"rendered":"<p style=\"text-align: justify;\">Al llarg de la Setmana de la Dona, del 8 al 12 de mar\u00e7, s&#8217;han portat a terme al centre moltes activitats a tots els nivells d&#8217;ESO i Batxillerat i des de la gran majoria de les mat\u00e8ries que s&#8217;imparteixen. Us n&#8217;oferim una mostra:<\/p>\n<p style=\"text-align: justify;\">Classes monogr\u00e0fiques sobre la situaci\u00f3 de la dona al m\u00f3n cl\u00e0ssic, les trobairitz i les dones escriptotes des de l&#8217;Edat Mitjana fins el segle XX.<\/p>\n<p style=\"text-align: justify;\"><a href=\"https:\/\/drive.google.com\/drive\/folders\/1eWmsabDa74gwVVU6bO0B-MdLCkq8-QeR?usp=sharing\">Jocs de pistes<\/a> per l&#8217;institut sobre diferents dones que han fet hist\u00f2ria i a la biblioteca del centre, adre\u00e7ats a totes les edats, i per <a href=\"https:\/\/drive.google.com\/drive\/folders\/1Nc-i6jEWcTTEDPv6ew3-Rsl4zicfsuSg?usp=sharing\">descobrir escripores i obres feministes<\/a>.<\/p>\n<p style=\"text-align: justify;\">Visionat de pel\u00b7l\u00edcules com: <em>\u00c1gora<\/em>, <em>Figuras ocultas<\/em>, <em>Coco avant Chanel<\/em>, <em>Pride and Prejudice<\/em>,<em>Antonia\u2019s line<\/em>,<em> Libertarias<\/em> o <em>Chocolat<\/em> i documentals com: <em>Dones esportistes que han trencat barreres<\/em>, <em>Grandes inventos creados por mujeres<\/em>, <em>Girls toys VS boys toys, the experiment<\/em>, <em>A class that turned around kids\u2019 assumptions of gender roles<\/em>, <em>Mariama<\/em>, <em>Rachel Carson, pionera del movimiento ambientalista<\/em> i <em>Dones, ci\u00e8ncia i tecnologia&#8230;una carrera de fons.<\/em><\/p>\n<p style=\"text-align: justify;\">Recerca i elaboraci\u00f3 de p\u00f2sters i cartells sobre dones franceses que han deixat petjada al llarg de la hist\u00f2ria i dones rellevants de la II Rep\u00fablica i la Guerra Civil.<\/p>\n<p style=\"text-align: justify;\">Adscripci\u00f3 al moviment <a href=\"https:\/\/www.nomorematildas.com\/\">#NoMoreMatildas:<\/a>\u00a0A 3r d&#8217;ESO, s&#8217;ha informat els alumnes del moviment a la mat\u00e8ria de biologia. Juntament amb la mat\u00e8ria de VIP, els alumnes han realitzat els <a href=\"https:\/\/drive.google.com\/drive\/folders\/1kbt6EK1inORlsytoOuXDtZKRLWIyobC-?usp=sharing\">p\u00f2sters de dones cient\u00edfiques<\/a> de diversos \u00e0mbits STEM (Science, Technology, Engineer<wbr \/>ing and\u00a0Mathematics) i posteriorment els han explicat a la classe i han fet una exposici\u00f3 amb els p\u00f2ster a l&#8217;Institut.<\/p>\n<p>L&#8217;activitat s&#8217;enlla\u00e7a tamb\u00e9 amb la que els alumnes han fet a quart d&#8217;ESO (ens hem posat d&#8217;acord en no repetir les dones).<\/p>\n<p><span style=\"color: #484848;\">Tota la informaci\u00f3 que els alumnes han sintetitzat de les dones s&#8217;ha recollit en un blog a la mat\u00e8ria de tecnologia de 3r d&#8217;ESO.\u00a0<\/span><\/p>\n<p style=\"text-align: justify;\">An\u00e0lisi del llenguatge a la m\u00fasica (trap, reggaeton, electro urbana), a la publicitat, al refranyer popular i als lemes del #8M.<\/p>\n<p style=\"text-align: justify;\">Lectura i an\u00e0lisi de contes i poemes: &#8220;<a href=\"http:\/\/associacioperlacoeducacio.org\/wp-content\/uploads\/2018\/02\/La-cenicienta-que-no-quer%C3%ADa-comer-perdices.pdf\">La cenicienta que no quer\u00eda comer perdices<\/a>&#8220;, de Nunila L\u00f3pez, &#8220;<a href=\"https:\/\/www.youtube.com\/watch?v=AtQUk04jWMY\">Diacr\u00edtic<\/a>&#8220;, de Mireia Calafell, &#8220;8 de mar\u00e7&#8221; i &#8220;T\u2019estimo perqu\u00e8 s\u00ed, perqu\u00e8 el cos m\u2019ho demana&#8221;, de Maria Merc\u00e8 Mar\u00e7al.<\/p>\n<p style=\"text-align: justify;\">Presentacions de dones importants i estudi de <a href=\"https:\/\/drive.google.com\/drive\/folders\/1uRZ872m7xr7cP-g8d0-G2Nlymwnsg3-a?usp=sharing\">la situaci\u00f3 de la dona<\/a> als pa\u00efsos d&#8217;origen dels alumnes de l&#8217;Aula d&#8217;Acollida.<\/p>\n<p style=\"text-align: justify;\">Creaci\u00f3 de la instal\u00b7laci\u00f3 art\u00edstica col\u00b7lectiva &#8220;<a href=\"https:\/\/drive.google.com\/drive\/folders\/1E3l8BNSgfSLiASjndT0ZN0BC-jr-Z19j?usp=sharing\">La nostra melodia d&#8217;igualtat i respecte<\/a>&#8220;.<\/p>\n<p style=\"text-align: justify;\">A m\u00e9s a m\u00e9s, les can\u00e7ons que habitualment marquen l&#8217;inici i la fi de les classes han estat seleccionades per a l&#8217;ocasi\u00f3, aix\u00ed com les recomanacions de la biblioteca i el llibre proposat pel Club de Lectura.<\/p>\n<table>\n<tbody>\n<tr>\n<td><a href=\"https:\/\/agora.xtec.cat\/ieslajonquera\/wp-content\/uploads\/usu2014\/2021\/03\/IMG_20210309_175035_5881.jpg\"><img loading=\"lazy\" decoding=\"async\" class=\"aligncenter wp-image-2770\" src=\"https:\/\/agora.xtec.cat\/ieslajonquera\/wp-content\/uploads\/usu2014\/2021\/03\/IMG_20210309_175035_5881-300x300.jpg\" alt=\"\" width=\"207\" height=\"207\" srcset=\"https:\/\/agora.xtec.cat\/ieslajonquera\/wp-content\/uploads\/usu2014\/2021\/03\/IMG_20210309_175035_5881-300x300.jpg 300w, https:\/\/agora.xtec.cat\/ieslajonquera\/wp-content\/uploads\/usu2014\/2021\/03\/IMG_20210309_175035_5881-150x150.jpg 150w, https:\/\/agora.xtec.cat\/ieslajonquera\/wp-content\/uploads\/usu2014\/2021\/03\/IMG_20210309_175035_5881-768x768.jpg 768w, https:\/\/agora.xtec.cat\/ieslajonquera\/wp-content\/uploads\/usu2014\/2021\/03\/IMG_20210309_175035_5881-1024x1024.jpg 1024w, https:\/\/agora.xtec.cat\/ieslajonquera\/wp-content\/uploads\/usu2014\/2021\/03\/IMG_20210309_175035_5881.jpg 1080w\" sizes=\"auto, (max-width: 207px) 100vw, 207px\" \/><\/a><\/td>\n<td><a href=\"https:\/\/agora.xtec.cat\/ieslajonquera\/wp-content\/uploads\/usu2014\/2021\/03\/IMG-0534.jpg\"><img loading=\"lazy\" decoding=\"async\" class=\"aligncenter wp-image-2767\" src=\"https:\/\/agora.xtec.cat\/ieslajonquera\/wp-content\/uploads\/usu2014\/2021\/03\/IMG-0534-300x92.jpg\" alt=\"\" width=\"600\" height=\"184\" srcset=\"https:\/\/agora.xtec.cat\/ieslajonquera\/wp-content\/uploads\/usu2014\/2021\/03\/IMG-0534-300x92.jpg 300w, https:\/\/agora.xtec.cat\/ieslajonquera\/wp-content\/uploads\/usu2014\/2021\/03\/IMG-0534-768x235.jpg 768w, https:\/\/agora.xtec.cat\/ieslajonquera\/wp-content\/uploads\/usu2014\/2021\/03\/IMG-0534-1024x314.jpg 1024w\" sizes=\"auto, (max-width: 600px) 100vw, 600px\" \/><\/a><\/td>\n<td><a href=\"https:\/\/agora.xtec.cat\/ieslajonquera\/wp-content\/uploads\/usu2014\/2021\/03\/IMG-20210312-WA0017.jpg\"><img loading=\"lazy\" decoding=\"async\" class=\"aligncenter size-medium wp-image-2768\" src=\"https:\/\/agora.xtec.cat\/ieslajonquera\/wp-content\/uploads\/usu2014\/2021\/03\/IMG-20210312-WA0017-300x225.jpg\" alt=\"\" width=\"300\" height=\"225\" srcset=\"https:\/\/agora.xtec.cat\/ieslajonquera\/wp-content\/uploads\/usu2014\/2021\/03\/IMG-20210312-WA0017-300x225.jpg 300w, https:\/\/agora.xtec.cat\/ieslajonquera\/wp-content\/uploads\/usu2014\/2021\/03\/IMG-20210312-WA0017-768x576.jpg 768w, https:\/\/agora.xtec.cat\/ieslajonquera\/wp-content\/uploads\/usu2014\/2021\/03\/IMG-20210312-WA0017-1024x768.jpg 1024w, https:\/\/agora.xtec.cat\/ieslajonquera\/wp-content\/uploads\/usu2014\/2021\/03\/IMG-20210312-WA0017-200x150.jpg 200w, https:\/\/agora.xtec.cat\/ieslajonquera\/wp-content\/uploads\/usu2014\/2021\/03\/IMG-20210312-WA0017.jpg 1600w\" sizes=\"auto, (max-width: 300px) 100vw, 300px\" \/><\/a><\/td>\n<\/tr>\n<\/tbody>\n<\/table>\n","protected":false},"excerpt":{"rendered":"<p>Al llarg de la Setmana de la Dona, del 8 al 12 de mar\u00e7, s&#8217;han portat a terme al centre moltes activitats a tots els nivells d&#8217;ESO i Batxillerat i des de la gran majoria de les mat\u00e8ries que s&#8217;imparteixen. Us n&#8217;oferim una mostra:<br \/>\nClasses monogr\u00e0fiques&hellip;  <a href=\"https:\/\/agora.xtec.cat\/ieslajonquera\/general\/resum-de-les-activitats-de-la-setmana-de-la-dona\/\" title=\"Read Resum de les activitats de la Setmana de la Dona\">Llegeix m\u00e9s\u00bb<\/a><\/p>\n","protected":false},"author":3,"featured_media":2778,"comment_status":"open","ping_status":"closed","sticky":false,"template":"","format":"standard","meta":{"_bbp_topic_count":0,"_bbp_reply_count":0,"_bbp_total_topic_count":0,"_bbp_total_reply_count":0,"_bbp_voice_count":0,"_bbp_anonymous_reply_count":0,"_bbp_topic_count_hidden":0,"_bbp_reply_count_hidden":0,"_bbp_forum_subforum_count":0,"footnotes":""},"categories":[1],"tags":[120,122],"class_list":["post-2766","post","type-post","status-publish","format-standard","has-post-thumbnail","hentry","category-general","tag-convivencia","tag-valors"],"post_mailing_queue_ids":[],"_links":{"self":[{"href":"https:\/\/agora.xtec.cat\/ieslajonquera\/wp-json\/wp\/v2\/posts\/2766","targetHints":{"allow":["GET"]}}],"collection":[{"href":"https:\/\/agora.xtec.cat\/ieslajonquera\/wp-json\/wp\/v2\/posts"}],"about":[{"href":"https:\/\/agora.xtec.cat\/ieslajonquera\/wp-json\/wp\/v2\/types\/post"}],"author":[{"embeddable":true,"href":"https:\/\/agora.xtec.cat\/ieslajonquera\/wp-json\/wp\/v2\/users\/3"}],"replies":[{"embeddable":true,"href":"https:\/\/agora.xtec.cat\/ieslajonquera\/wp-json\/wp\/v2\/comments?post=2766"}],"version-history":[{"count":3,"href":"https:\/\/agora.xtec.cat\/ieslajonquera\/wp-json\/wp\/v2\/posts\/2766\/revisions"}],"predecessor-version":[{"id":2781,"href":"https:\/\/agora.xtec.cat\/ieslajonquera\/wp-json\/wp\/v2\/posts\/2766\/revisions\/2781"}],"wp:featuredmedia":[{"embeddable":true,"href":"https:\/\/agora.xtec.cat\/ieslajonquera\/wp-json\/wp\/v2\/media\/2778"}],"wp:attachment":[{"href":"https:\/\/agora.xtec.cat\/ieslajonquera\/wp-json\/wp\/v2\/media?parent=2766"}],"wp:term":[{"taxonomy":"category","embeddable":true,"href":"https:\/\/agora.xtec.cat\/ieslajonquera\/wp-json\/wp\/v2\/categories?post=2766"},{"taxonomy":"post_tag","embeddable":true,"href":"https:\/\/agora.xtec.cat\/ieslajonquera\/wp-json\/wp\/v2\/tags?post=2766"}],"curies":[{"name":"wp","href":"https:\/\/api.w.org\/{rel}","templated":true}]}}