{"id":2760,"date":"2021-03-12T18:23:27","date_gmt":"2021-03-12T17:23:27","guid":{"rendered":"https:\/\/agora.xtec.cat\/ieslajonquera\/?p=2760"},"modified":"2021-03-12T18:27:41","modified_gmt":"2021-03-12T17:27:41","slug":"participacio-en-el-concurso-de-relato-breve-jovenes-talentos","status":"publish","type":"post","link":"https:\/\/agora.xtec.cat\/ieslajonquera\/general\/participacio-en-el-concurso-de-relato-breve-jovenes-talentos\/","title":{"rendered":"Participaci\u00f3 en el &#8220;Concurso de Relato breve J\u00f3venes Talentos&#8221;"},"content":{"rendered":"<p style=\"text-align: justify;\"><a href=\"https:\/\/agora.xtec.cat\/ieslajonquera\/wp-content\/uploads\/usu2014\/2021\/03\/IMG_20210312_1131222.jpg\"><img loading=\"lazy\" decoding=\"async\" class=\"size-medium wp-image-2761 alignright\" src=\"https:\/\/agora.xtec.cat\/ieslajonquera\/wp-content\/uploads\/usu2014\/2021\/03\/IMG_20210312_1131222-225x300.jpg\" alt=\"\" width=\"225\" height=\"300\" srcset=\"https:\/\/agora.xtec.cat\/ieslajonquera\/wp-content\/uploads\/usu2014\/2021\/03\/IMG_20210312_1131222-225x300.jpg 225w, https:\/\/agora.xtec.cat\/ieslajonquera\/wp-content\/uploads\/usu2014\/2021\/03\/IMG_20210312_1131222-768x1024.jpg 768w\" sizes=\"auto, (max-width: 225px) 100vw, 225px\" \/><\/a>Els alumnes: Luc\u00eda Rey i Pep Coloma (2n A), Cristine Rivas i Emma Campsolinas (2n B), Avril Bella i Camila Sosa (3r B) i Laura Garcia i Miquel Puigbert (3r C) han participat en l&#8217;acte de redacci\u00f3 telem\u00e0tica del relat breu amb el qual participen a la 60a edici\u00f3 del &#8220;Concurso de Relato breve J\u00f3venes Talentos&#8221; organizat per Coca-Cola European Partners.<\/p>\n<p>Els desitgem molta sort!<\/p>\n<p>&nbsp;<\/p>\n","protected":false},"excerpt":{"rendered":"<p><a href=\"https:\/\/agora.xtec.cat\/ieslajonquera\/wp-content\/uploads\/usu2014\/2021\/03\/IMG_20210312_1131222.jpg\"><\/a>Els alumnes: Luc\u00eda Rey i Pep Coloma (2n A), Cristine Rivas i Emma Campsolinas (2n B), Avril Bella i Camila Sosa (3r B) i Laura Garcia i Miquel Puigbert (3r C) han participat en l&#8217;acte de redacci\u00f3 telem\u00e0tica del relat breu amb el qual&hellip;  <a href=\"https:\/\/agora.xtec.cat\/ieslajonquera\/general\/participacio-en-el-concurso-de-relato-breve-jovenes-talentos\/\" title=\"Read Participaci\u00f3 en el &#8220;Concurso de Relato breve J\u00f3venes Talentos&#8221;\">Llegeix m\u00e9s\u00bb<\/a><\/p>\n","protected":false},"author":3,"featured_media":2761,"comment_status":"open","ping_status":"closed","sticky":false,"template":"","format":"standard","meta":{"_bbp_topic_count":0,"_bbp_reply_count":0,"_bbp_total_topic_count":0,"_bbp_total_reply_count":0,"_bbp_voice_count":0,"_bbp_anonymous_reply_count":0,"_bbp_topic_count_hidden":0,"_bbp_reply_count_hidden":0,"_bbp_forum_subforum_count":0,"footnotes":""},"categories":[1],"tags":[106,133,57],"class_list":["post-2760","post","type-post","status-publish","format-standard","has-post-thumbnail","hentry","category-general","tag-concurs","tag-creativitat","tag-expressio-escrita"],"post_mailing_queue_ids":[],"_links":{"self":[{"href":"https:\/\/agora.xtec.cat\/ieslajonquera\/wp-json\/wp\/v2\/posts\/2760","targetHints":{"allow":["GET"]}}],"collection":[{"href":"https:\/\/agora.xtec.cat\/ieslajonquera\/wp-json\/wp\/v2\/posts"}],"about":[{"href":"https:\/\/agora.xtec.cat\/ieslajonquera\/wp-json\/wp\/v2\/types\/post"}],"author":[{"embeddable":true,"href":"https:\/\/agora.xtec.cat\/ieslajonquera\/wp-json\/wp\/v2\/users\/3"}],"replies":[{"embeddable":true,"href":"https:\/\/agora.xtec.cat\/ieslajonquera\/wp-json\/wp\/v2\/comments?post=2760"}],"version-history":[{"count":3,"href":"https:\/\/agora.xtec.cat\/ieslajonquera\/wp-json\/wp\/v2\/posts\/2760\/revisions"}],"predecessor-version":[{"id":2764,"href":"https:\/\/agora.xtec.cat\/ieslajonquera\/wp-json\/wp\/v2\/posts\/2760\/revisions\/2764"}],"wp:featuredmedia":[{"embeddable":true,"href":"https:\/\/agora.xtec.cat\/ieslajonquera\/wp-json\/wp\/v2\/media\/2761"}],"wp:attachment":[{"href":"https:\/\/agora.xtec.cat\/ieslajonquera\/wp-json\/wp\/v2\/media?parent=2760"}],"wp:term":[{"taxonomy":"category","embeddable":true,"href":"https:\/\/agora.xtec.cat\/ieslajonquera\/wp-json\/wp\/v2\/categories?post=2760"},{"taxonomy":"post_tag","embeddable":true,"href":"https:\/\/agora.xtec.cat\/ieslajonquera\/wp-json\/wp\/v2\/tags?post=2760"}],"curies":[{"name":"wp","href":"https:\/\/api.w.org\/{rel}","templated":true}]}}