{"id":2754,"date":"2021-03-12T15:43:15","date_gmt":"2021-03-12T14:43:15","guid":{"rendered":"https:\/\/agora.xtec.cat\/ieslajonquera\/?p=2754"},"modified":"2021-03-12T18:27:21","modified_gmt":"2021-03-12T17:27:21","slug":"3r-deso-assaig-mig-proces-de-la-coreografia-mapa-de-ball","status":"publish","type":"post","link":"https:\/\/agora.xtec.cat\/ieslajonquera\/general\/3r-deso-assaig-mig-proces-de-la-coreografia-mapa-de-ball\/","title":{"rendered":"3r d&#8217;ESO: Assaig Mig Proc\u00e9s de la coreografia Mapa de Ball"},"content":{"rendered":"<p style=\"text-align: justify;\">Els alumnes de 3r d&#8217;ESO han participar en l&#8217;Assaig Mig Proc\u00e9s de la coreografia &#8220;Mapa de Ball&#8221; que estan preparant des de la mat\u00e8ria d&#8217;Educaci\u00f3 F\u00edsica i amb la direcci\u00f3 del col\u00b7lectiu figuerenc AGITART.<\/p>\n<p>L&#8217;espectacle forma part del projecte &#8220;Tots Dansen&#8221;, impulsat per la Generalitat de Catalunya, el Mercat de les Flors i l&#8217;Ajuntament de la Jonquera, en qu\u00e8 els alumnes de secund\u00e0ria tenen l&#8217;ocasi\u00f3 de comprovar com \u00e9s el proc\u00e9s de creaci\u00f3, assaig i exhibici\u00f3 d&#8217;una pe\u00e7a de dansa contempor\u00e0nia en primera persona.<\/p>\n<table>\n<tbody>\n<tr>\n<td><a href=\"https:\/\/agora.xtec.cat\/ieslajonquera\/wp-content\/uploads\/usu2014\/2021\/03\/agitartfigueres_20210312_145203.jpg\"><img loading=\"lazy\" decoding=\"async\" class=\"aligncenter size-medium wp-image-2755\" src=\"https:\/\/agora.xtec.cat\/ieslajonquera\/wp-content\/uploads\/usu2014\/2021\/03\/agitartfigueres_20210312_145203-300x225.jpg\" alt=\"\" width=\"300\" height=\"225\" srcset=\"https:\/\/agora.xtec.cat\/ieslajonquera\/wp-content\/uploads\/usu2014\/2021\/03\/agitartfigueres_20210312_145203-300x225.jpg 300w, https:\/\/agora.xtec.cat\/ieslajonquera\/wp-content\/uploads\/usu2014\/2021\/03\/agitartfigueres_20210312_145203-768x577.jpg 768w, https:\/\/agora.xtec.cat\/ieslajonquera\/wp-content\/uploads\/usu2014\/2021\/03\/agitartfigueres_20210312_145203-1024x769.jpg 1024w, https:\/\/agora.xtec.cat\/ieslajonquera\/wp-content\/uploads\/usu2014\/2021\/03\/agitartfigueres_20210312_145203-200x150.jpg 200w, https:\/\/agora.xtec.cat\/ieslajonquera\/wp-content\/uploads\/usu2014\/2021\/03\/agitartfigueres_20210312_145203.jpg 1080w\" sizes=\"auto, (max-width: 300px) 100vw, 300px\" \/><\/a><\/td>\n<td><a href=\"https:\/\/agora.xtec.cat\/ieslajonquera\/wp-content\/uploads\/usu2014\/2021\/03\/agitartfigueres_20210312_145159.jpg\"><img loading=\"lazy\" decoding=\"async\" class=\"aligncenter size-medium wp-image-2756\" src=\"https:\/\/agora.xtec.cat\/ieslajonquera\/wp-content\/uploads\/usu2014\/2021\/03\/agitartfigueres_20210312_145159-300x226.jpg\" alt=\"\" width=\"300\" height=\"226\" srcset=\"https:\/\/agora.xtec.cat\/ieslajonquera\/wp-content\/uploads\/usu2014\/2021\/03\/agitartfigueres_20210312_145159-300x226.jpg 300w, https:\/\/agora.xtec.cat\/ieslajonquera\/wp-content\/uploads\/usu2014\/2021\/03\/agitartfigueres_20210312_145159-768x577.jpg 768w, https:\/\/agora.xtec.cat\/ieslajonquera\/wp-content\/uploads\/usu2014\/2021\/03\/agitartfigueres_20210312_145159-1024x770.jpg 1024w, https:\/\/agora.xtec.cat\/ieslajonquera\/wp-content\/uploads\/usu2014\/2021\/03\/agitartfigueres_20210312_145159-200x150.jpg 200w, https:\/\/agora.xtec.cat\/ieslajonquera\/wp-content\/uploads\/usu2014\/2021\/03\/agitartfigueres_20210312_145159.jpg 1080w\" sizes=\"auto, (max-width: 300px) 100vw, 300px\" \/><\/a><\/td>\n<td><a href=\"https:\/\/agora.xtec.cat\/ieslajonquera\/wp-content\/uploads\/usu2014\/2021\/03\/agitartfigueres_20210312_145152.jpg\"><img loading=\"lazy\" decoding=\"async\" class=\"aligncenter size-medium wp-image-2757\" src=\"https:\/\/agora.xtec.cat\/ieslajonquera\/wp-content\/uploads\/usu2014\/2021\/03\/agitartfigueres_20210312_145152-300x226.jpg\" alt=\"\" width=\"300\" height=\"226\" srcset=\"https:\/\/agora.xtec.cat\/ieslajonquera\/wp-content\/uploads\/usu2014\/2021\/03\/agitartfigueres_20210312_145152-300x226.jpg 300w, https:\/\/agora.xtec.cat\/ieslajonquera\/wp-content\/uploads\/usu2014\/2021\/03\/agitartfigueres_20210312_145152-768x577.jpg 768w, https:\/\/agora.xtec.cat\/ieslajonquera\/wp-content\/uploads\/usu2014\/2021\/03\/agitartfigueres_20210312_145152-1024x770.jpg 1024w, https:\/\/agora.xtec.cat\/ieslajonquera\/wp-content\/uploads\/usu2014\/2021\/03\/agitartfigueres_20210312_145152-200x150.jpg 200w, https:\/\/agora.xtec.cat\/ieslajonquera\/wp-content\/uploads\/usu2014\/2021\/03\/agitartfigueres_20210312_145152.jpg 1080w\" sizes=\"auto, (max-width: 300px) 100vw, 300px\" \/><\/a><\/td>\n<td><a href=\"https:\/\/agora.xtec.cat\/ieslajonquera\/wp-content\/uploads\/usu2014\/2021\/03\/agitartfigueres_20210312_145143.jpg\"><img loading=\"lazy\" decoding=\"async\" class=\"aligncenter size-medium wp-image-2758\" src=\"https:\/\/agora.xtec.cat\/ieslajonquera\/wp-content\/uploads\/usu2014\/2021\/03\/agitartfigueres_20210312_145143-300x226.jpg\" alt=\"\" width=\"300\" height=\"226\" srcset=\"https:\/\/agora.xtec.cat\/ieslajonquera\/wp-content\/uploads\/usu2014\/2021\/03\/agitartfigueres_20210312_145143-300x226.jpg 300w, https:\/\/agora.xtec.cat\/ieslajonquera\/wp-content\/uploads\/usu2014\/2021\/03\/agitartfigueres_20210312_145143-768x577.jpg 768w, https:\/\/agora.xtec.cat\/ieslajonquera\/wp-content\/uploads\/usu2014\/2021\/03\/agitartfigueres_20210312_145143-1024x770.jpg 1024w, https:\/\/agora.xtec.cat\/ieslajonquera\/wp-content\/uploads\/usu2014\/2021\/03\/agitartfigueres_20210312_145143-200x150.jpg 200w, https:\/\/agora.xtec.cat\/ieslajonquera\/wp-content\/uploads\/usu2014\/2021\/03\/agitartfigueres_20210312_145143.jpg 1080w\" sizes=\"auto, (max-width: 300px) 100vw, 300px\" \/><\/a><\/td>\n<\/tr>\n<\/tbody>\n<\/table>\n<p style=\"text-align: justify;\">\n<p>&nbsp;<\/p>\n<p>&nbsp;<\/p>\n","protected":false},"excerpt":{"rendered":"<p>Els alumnes de 3r d&#8217;ESO han participar en l&#8217;Assaig Mig Proc\u00e9s de la coreografia &#8220;Mapa de Ball&#8221; que estan preparant des de la mat\u00e8ria d&#8217;Educaci\u00f3 F\u00edsica i amb la direcci\u00f3 del col\u00b7lectiu figuerenc AGITART.<br \/>\nL&#8217;espectacle forma part del projecte &#8220;Tots Dansen&#8221;, impulsat per la Generalitat de&hellip;  <a href=\"https:\/\/agora.xtec.cat\/ieslajonquera\/general\/3r-deso-assaig-mig-proces-de-la-coreografia-mapa-de-ball\/\" title=\"Read 3r d&#8217;ESO: Assaig Mig Proc\u00e9s de la coreografia Mapa de Ball\">Llegeix m\u00e9s\u00bb<\/a><\/p>\n","protected":false},"author":3,"featured_media":2757,"comment_status":"open","ping_status":"closed","sticky":false,"template":"","format":"standard","meta":{"_bbp_topic_count":0,"_bbp_reply_count":0,"_bbp_total_topic_count":0,"_bbp_total_reply_count":0,"_bbp_voice_count":0,"_bbp_anonymous_reply_count":0,"_bbp_topic_count_hidden":0,"_bbp_reply_count_hidden":0,"_bbp_forum_subforum_count":0,"footnotes":""},"categories":[1],"tags":[133,141,132],"class_list":["post-2754","post","type-post","status-publish","format-standard","has-post-thumbnail","hentry","category-general","tag-creativitat","tag-dansa","tag-projectes"],"post_mailing_queue_ids":[],"_links":{"self":[{"href":"https:\/\/agora.xtec.cat\/ieslajonquera\/wp-json\/wp\/v2\/posts\/2754","targetHints":{"allow":["GET"]}}],"collection":[{"href":"https:\/\/agora.xtec.cat\/ieslajonquera\/wp-json\/wp\/v2\/posts"}],"about":[{"href":"https:\/\/agora.xtec.cat\/ieslajonquera\/wp-json\/wp\/v2\/types\/post"}],"author":[{"embeddable":true,"href":"https:\/\/agora.xtec.cat\/ieslajonquera\/wp-json\/wp\/v2\/users\/3"}],"replies":[{"embeddable":true,"href":"https:\/\/agora.xtec.cat\/ieslajonquera\/wp-json\/wp\/v2\/comments?post=2754"}],"version-history":[{"count":2,"href":"https:\/\/agora.xtec.cat\/ieslajonquera\/wp-json\/wp\/v2\/posts\/2754\/revisions"}],"predecessor-version":[{"id":2765,"href":"https:\/\/agora.xtec.cat\/ieslajonquera\/wp-json\/wp\/v2\/posts\/2754\/revisions\/2765"}],"wp:featuredmedia":[{"embeddable":true,"href":"https:\/\/agora.xtec.cat\/ieslajonquera\/wp-json\/wp\/v2\/media\/2757"}],"wp:attachment":[{"href":"https:\/\/agora.xtec.cat\/ieslajonquera\/wp-json\/wp\/v2\/media?parent=2754"}],"wp:term":[{"taxonomy":"category","embeddable":true,"href":"https:\/\/agora.xtec.cat\/ieslajonquera\/wp-json\/wp\/v2\/categories?post=2754"},{"taxonomy":"post_tag","embeddable":true,"href":"https:\/\/agora.xtec.cat\/ieslajonquera\/wp-json\/wp\/v2\/tags?post=2754"}],"curies":[{"name":"wp","href":"https:\/\/api.w.org\/{rel}","templated":true}]}}