{"id":2724,"date":"2021-03-04T15:48:32","date_gmt":"2021-03-04T14:48:32","guid":{"rendered":"https:\/\/agora.xtec.cat\/ieslajonquera\/?p=2724"},"modified":"2021-03-04T23:45:22","modified_gmt":"2021-03-04T22:45:22","slug":"xerrada-no-et-fumis-la-salut-a-1r-deso","status":"publish","type":"post","link":"https:\/\/agora.xtec.cat\/ieslajonquera\/general\/xerrada-no-et-fumis-la-salut-a-1r-deso\/","title":{"rendered":"Xerrada &#8220;No et fumis la salut&#8221; a 1r d&#8217;ESO"},"content":{"rendered":"<p><a href=\"https:\/\/agora.xtec.cat\/ieslajonquera\/wp-content\/uploads\/usu2014\/2021\/03\/IMG_20210304_101828.jpg\"><img loading=\"lazy\" decoding=\"async\" class=\"wp-image-2730 alignnone\" src=\"https:\/\/agora.xtec.cat\/ieslajonquera\/wp-content\/uploads\/usu2014\/2021\/03\/IMG_20210304_101828-225x300.jpg\" alt=\"\" width=\"337\" height=\"449\" srcset=\"https:\/\/agora.xtec.cat\/ieslajonquera\/wp-content\/uploads\/usu2014\/2021\/03\/IMG_20210304_101828-225x300.jpg 225w, https:\/\/agora.xtec.cat\/ieslajonquera\/wp-content\/uploads\/usu2014\/2021\/03\/IMG_20210304_101828-768x1024.jpg 768w\" sizes=\"auto, (max-width: 337px) 100vw, 337px\" \/><\/a><\/p>\n<p style=\"text-align: justify;\">Els alumnes de 1r d&#8217;ESO han assistit a la xerrada sobre el tabaquisme &#8220;No et fumis la salut&#8221;, organitzada per l&#8217;<a href=\"https:\/\/www.oncolligagirona.cat\/\">Oncolliga.<\/a><\/p>\n<p style=\"text-align: justify;\">Els objectius d&#8217;aquesta xerrada s\u00f3n difondre una actitud favorable a un estil de vida sense fum i facilitar informaci\u00f3 objectiva als alumnes perqu\u00e8 siguin conscients de la seva responsabilitat en la presa de decisions.<\/p>\n","protected":false},"excerpt":{"rendered":"<p><a href=\"https:\/\/agora.xtec.cat\/ieslajonquera\/wp-content\/uploads\/usu2014\/2021\/03\/IMG_20210304_101828.jpg\"><\/a><br \/>\nEls alumnes de 1r d&#8217;ESO han assistit a la xerrada sobre el tabaquisme &#8220;No et fumis la salut&#8221;, organitzada per l&#8217;<a href=\"https:\/\/www.oncolligagirona.cat\/\">Oncolliga.<\/a><br \/>\nEls objectius d&#8217;aquesta xerrada s\u00f3n difondre una actitud favorable a un estil de vida sense fum i facilitar informaci\u00f3 objectiva als alumnes perqu\u00e8&hellip;  <a href=\"https:\/\/agora.xtec.cat\/ieslajonquera\/general\/xerrada-no-et-fumis-la-salut-a-1r-deso\/\" title=\"Read Xerrada &#8220;No et fumis la salut&#8221; a 1r d&#8217;ESO\">Llegeix m\u00e9s\u00bb<\/a><\/p>\n","protected":false},"author":3,"featured_media":2730,"comment_status":"open","ping_status":"closed","sticky":false,"template":"","format":"standard","meta":{"_bbp_topic_count":0,"_bbp_reply_count":0,"_bbp_total_topic_count":0,"_bbp_total_reply_count":0,"_bbp_voice_count":0,"_bbp_anonymous_reply_count":0,"_bbp_topic_count_hidden":0,"_bbp_reply_count_hidden":0,"_bbp_forum_subforum_count":0,"footnotes":""},"categories":[1],"tags":[45,44],"class_list":["post-2724","post","type-post","status-publish","format-standard","has-post-thumbnail","hentry","category-general","tag-salut","tag-xerrades"],"post_mailing_queue_ids":[],"_links":{"self":[{"href":"https:\/\/agora.xtec.cat\/ieslajonquera\/wp-json\/wp\/v2\/posts\/2724","targetHints":{"allow":["GET"]}}],"collection":[{"href":"https:\/\/agora.xtec.cat\/ieslajonquera\/wp-json\/wp\/v2\/posts"}],"about":[{"href":"https:\/\/agora.xtec.cat\/ieslajonquera\/wp-json\/wp\/v2\/types\/post"}],"author":[{"embeddable":true,"href":"https:\/\/agora.xtec.cat\/ieslajonquera\/wp-json\/wp\/v2\/users\/3"}],"replies":[{"embeddable":true,"href":"https:\/\/agora.xtec.cat\/ieslajonquera\/wp-json\/wp\/v2\/comments?post=2724"}],"version-history":[{"count":3,"href":"https:\/\/agora.xtec.cat\/ieslajonquera\/wp-json\/wp\/v2\/posts\/2724\/revisions"}],"predecessor-version":[{"id":2743,"href":"https:\/\/agora.xtec.cat\/ieslajonquera\/wp-json\/wp\/v2\/posts\/2724\/revisions\/2743"}],"wp:featuredmedia":[{"embeddable":true,"href":"https:\/\/agora.xtec.cat\/ieslajonquera\/wp-json\/wp\/v2\/media\/2730"}],"wp:attachment":[{"href":"https:\/\/agora.xtec.cat\/ieslajonquera\/wp-json\/wp\/v2\/media?parent=2724"}],"wp:term":[{"taxonomy":"category","embeddable":true,"href":"https:\/\/agora.xtec.cat\/ieslajonquera\/wp-json\/wp\/v2\/categories?post=2724"},{"taxonomy":"post_tag","embeddable":true,"href":"https:\/\/agora.xtec.cat\/ieslajonquera\/wp-json\/wp\/v2\/tags?post=2724"}],"curies":[{"name":"wp","href":"https:\/\/api.w.org\/{rel}","templated":true}]}}