{"id":2605,"date":"2021-02-12T19:46:23","date_gmt":"2021-02-12T18:46:23","guid":{"rendered":"https:\/\/agora.xtec.cat\/ieslajonquera\/?p=2605"},"modified":"2021-02-12T19:46:23","modified_gmt":"2021-02-12T18:46:23","slug":"fem-salut-a-3r-deso","status":"publish","type":"post","link":"https:\/\/agora.xtec.cat\/ieslajonquera\/general\/fem-salut-a-3r-deso\/","title":{"rendered":"&#8220;Fem Salut&#8221; a 3r d&#8217;ESO"},"content":{"rendered":"<p style=\"text-align: justify;\"><a href=\"https:\/\/agora.xtec.cat\/ieslajonquera\/wp-content\/uploads\/usu2014\/2021\/02\/image_67234817.jpg\"><img loading=\"lazy\" decoding=\"async\" class=\" wp-image-2606 alignleft\" src=\"https:\/\/agora.xtec.cat\/ieslajonquera\/wp-content\/uploads\/usu2014\/2021\/02\/image_67234817-300x225.jpg\" alt=\"\" width=\"218\" height=\"291\" \/><\/a>Aquest curs, la Campanya d&#8217;Alimentaci\u00f3 Saludable (que es portava a terme des de fa molts anys des de l&#8217;\u00c0rea de Joventut del Consell Comarcal de l&#8217;Alt Empord\u00e0), no s&#8217;ha pogut realitzar per les complicacions que generava reunir diferents grups bombolla de diversos instituts de la comarca dins l&#8217;Escola d&#8217;Hostaleria de l&#8217;Alt Empord\u00e0, on els alumnes manipulaven aliments, aprenien a realitzar receptes amb aliments frescos i equilibrats, i realitzaven din\u00e0miques relacionades amb la nutrici\u00f3 i els Trastorns de Conducta Alimentaris.<\/p>\n<p style=\"text-align: justify;\">Des de l&#8217;Oficina Jove de l&#8217;Alt Empord\u00e0 s&#8217;ha plantejat una proposta alternativa que pogu\u00e9s donar resposta a les necessitats educatives en mat\u00e8ria de Salut, i s&#8217;ha oferit una llibreta amb informaci\u00f3 relacionada amb diferents tem\u00e0tiques de salut jove (FEMSALUT), i que engloba les seg\u00fcents mat\u00e8ries: H\u00e0bits saludables, Salut Emocional, Sexualitat i Afectivitat, Viol\u00e8ncies Masclistes, Trastorns de conducta alimentaris, Nutrici\u00f3, Esports, Primers Auxilis, Sortir de festa i Addiccions a les TIC.<\/p>\n<p style=\"text-align: justify;\">Aquesta llibreta s&#8217;ha lliurat a tots els alumnes de 3r d&#8217;ESO del centre, acompanyada d&#8217;una din\u00e0mica de presentaci\u00f3 per tal de reflexionar i donar peu a dubtes i preguntes que tenien els i les joves.<\/p>\n","protected":false},"excerpt":{"rendered":"<p><a href=\"https:\/\/agora.xtec.cat\/ieslajonquera\/wp-content\/uploads\/usu2014\/2021\/02\/image_67234817.jpg\"><\/a>Aquest curs, la Campanya d&#8217;Alimentaci\u00f3 Saludable (que es portava a terme des de fa molts anys des de l&#8217;\u00c0rea de Joventut del Consell Comarcal de l&#8217;Alt Empord\u00e0), no s&#8217;ha pogut realitzar per les complicacions que generava reunir diferents grups bombolla de diversos instituts de&hellip;  <a href=\"https:\/\/agora.xtec.cat\/ieslajonquera\/general\/fem-salut-a-3r-deso\/\" title=\"Read &#8220;Fem Salut&#8221; a 3r d&#8217;ESO\">Llegeix m\u00e9s\u00bb<\/a><\/p>\n","protected":false},"author":3,"featured_media":2606,"comment_status":"open","ping_status":"closed","sticky":false,"template":"","format":"standard","meta":{"_bbp_topic_count":0,"_bbp_reply_count":0,"_bbp_total_topic_count":0,"_bbp_total_reply_count":0,"_bbp_voice_count":0,"_bbp_anonymous_reply_count":0,"_bbp_topic_count_hidden":0,"_bbp_reply_count_hidden":0,"_bbp_forum_subforum_count":0,"footnotes":""},"categories":[3,1],"tags":[45,44],"class_list":["post-2605","post","type-post","status-publish","format-standard","has-post-thumbnail","hentry","category-eso","category-general","tag-salut","tag-xerrades"],"post_mailing_queue_ids":[],"_links":{"self":[{"href":"https:\/\/agora.xtec.cat\/ieslajonquera\/wp-json\/wp\/v2\/posts\/2605","targetHints":{"allow":["GET"]}}],"collection":[{"href":"https:\/\/agora.xtec.cat\/ieslajonquera\/wp-json\/wp\/v2\/posts"}],"about":[{"href":"https:\/\/agora.xtec.cat\/ieslajonquera\/wp-json\/wp\/v2\/types\/post"}],"author":[{"embeddable":true,"href":"https:\/\/agora.xtec.cat\/ieslajonquera\/wp-json\/wp\/v2\/users\/3"}],"replies":[{"embeddable":true,"href":"https:\/\/agora.xtec.cat\/ieslajonquera\/wp-json\/wp\/v2\/comments?post=2605"}],"version-history":[{"count":1,"href":"https:\/\/agora.xtec.cat\/ieslajonquera\/wp-json\/wp\/v2\/posts\/2605\/revisions"}],"predecessor-version":[{"id":2608,"href":"https:\/\/agora.xtec.cat\/ieslajonquera\/wp-json\/wp\/v2\/posts\/2605\/revisions\/2608"}],"wp:featuredmedia":[{"embeddable":true,"href":"https:\/\/agora.xtec.cat\/ieslajonquera\/wp-json\/wp\/v2\/media\/2606"}],"wp:attachment":[{"href":"https:\/\/agora.xtec.cat\/ieslajonquera\/wp-json\/wp\/v2\/media?parent=2605"}],"wp:term":[{"taxonomy":"category","embeddable":true,"href":"https:\/\/agora.xtec.cat\/ieslajonquera\/wp-json\/wp\/v2\/categories?post=2605"},{"taxonomy":"post_tag","embeddable":true,"href":"https:\/\/agora.xtec.cat\/ieslajonquera\/wp-json\/wp\/v2\/tags?post=2605"}],"curies":[{"name":"wp","href":"https:\/\/api.w.org\/{rel}","templated":true}]}}