{"id":2582,"date":"2021-02-11T19:01:58","date_gmt":"2021-02-11T18:01:58","guid":{"rendered":"https:\/\/agora.xtec.cat\/ieslajonquera\/?p=2582"},"modified":"2021-02-11T19:01:58","modified_gmt":"2021-02-11T18:01:58","slug":"xerrada-han-acabat-leso-i-ara-que","status":"publish","type":"post","link":"https:\/\/agora.xtec.cat\/ieslajonquera\/afa-ampa\/xerrada-han-acabat-leso-i-ara-que\/","title":{"rendered":"Xerrada: Han acabat l&#8217;ESO&#8230; i ara qu\u00e8?"},"content":{"rendered":"<p><a href=\"https:\/\/us02web.zoom.us\/webinar\/register\/WN_AVC1FRzERFS57xQzD3oBag\"><img loading=\"lazy\" decoding=\"async\" id=\"m_1493001518716940666m_-3023943637033322868m_-4406582707194855854Imagen_x0020_2\" class=\"CToWUd alignleft\" src=\"https:\/\/mail.google.com\/mail\/u\/4?ui=2&amp;ik=f4043034b1&amp;attid=0.2&amp;permmsgid=msg-f:1691418585655673437&amp;th=1779203dfc80025d&amp;view=fimg&amp;sz=s0-l75-ft&amp;attbid=ANGjdJ9cfelyyKtMaCsi9113YV2RCw2xUDwcZJWohWyavf7a5RhWZ7SF-pb4Ye3t4TYDkZ3Z2HlKeOA-QmiqoGz9uxg0Gg2BGytQ497V3ewRF5SO7OYYBYUXSK9blk8&amp;disp=emb&amp;realattid=17790b37e2a5b006a2\" width=\"567\" height=\"426\" border=\"0\" data-image-whitelisted=\"\" \/>\u00a0<\/a><\/p>\n<p>Molts dels nostres fills i filles ja estan pensant qu\u00e8 estudiar un cop acabin l&#8217;ESO. Us convidem el proper <u>dimecres 17 de febrer a les 18:00h<\/u> a la xerrada <strong>Converses amb les fam\u00edlies parlem de&#8230; han acabat l&#8217;ESO i ara qu\u00e8? <\/strong>on explicarem quines opcions tenen d&#8217;estudis postobligatoris com el batxillerat o els cicles formatius, i donarem eines per acompanyar-los en aquesta decisi\u00f3.<\/p>\n<p style=\"text-align: justify;\">Volem convidar a la vostra comunitat educativa, <strong>fam\u00edlies, alumnat i equip docent<\/strong>, a la xerrada que ser\u00e0 en format virtual a trav\u00e9s de la plataforma ZOOM.<\/p>\n<p style=\"text-align: justify;\"><span lang=\"CA\">L&#8217;acc\u00e9s \u00e9s lliure i gratu\u00eft, per\u00f2 cal inscripci\u00f3 pr\u00e8via.<\/span><\/p>\n<p>&nbsp;<\/p>\n","protected":false},"excerpt":{"rendered":"<p><a href=\"https:\/\/us02web.zoom.us\/webinar\/register\/WN_AVC1FRzERFS57xQzD3oBag\">\u00a0<\/a><br \/>\nMolts dels nostres fills i filles ja estan pensant qu\u00e8 estudiar un cop acabin l&#8217;ESO. Us convidem el proper dimecres 17 de febrer a les 18:00h a la xerrada Converses amb les fam\u00edlies parlem de&#8230; han acabat l&#8217;ESO i ara qu\u00e8? on explicarem quines&hellip;  <a href=\"https:\/\/agora.xtec.cat\/ieslajonquera\/afa-ampa\/xerrada-han-acabat-leso-i-ara-que\/\" title=\"Read Xerrada: Han acabat l&#8217;ESO&#8230; i ara qu\u00e8?\">Llegeix m\u00e9s\u00bb<\/a><\/p>\n","protected":false},"author":3,"featured_media":2583,"comment_status":"open","ping_status":"closed","sticky":false,"template":"","format":"standard","meta":{"_bbp_topic_count":0,"_bbp_reply_count":0,"_bbp_total_topic_count":0,"_bbp_total_reply_count":0,"_bbp_voice_count":0,"_bbp_anonymous_reply_count":0,"_bbp_topic_count_hidden":0,"_bbp_reply_count_hidden":0,"_bbp_forum_subforum_count":0,"footnotes":""},"categories":[31],"tags":[],"class_list":["post-2582","post","type-post","status-publish","format-standard","has-post-thumbnail","hentry","category-afa-ampa"],"post_mailing_queue_ids":[],"_links":{"self":[{"href":"https:\/\/agora.xtec.cat\/ieslajonquera\/wp-json\/wp\/v2\/posts\/2582","targetHints":{"allow":["GET"]}}],"collection":[{"href":"https:\/\/agora.xtec.cat\/ieslajonquera\/wp-json\/wp\/v2\/posts"}],"about":[{"href":"https:\/\/agora.xtec.cat\/ieslajonquera\/wp-json\/wp\/v2\/types\/post"}],"author":[{"embeddable":true,"href":"https:\/\/agora.xtec.cat\/ieslajonquera\/wp-json\/wp\/v2\/users\/3"}],"replies":[{"embeddable":true,"href":"https:\/\/agora.xtec.cat\/ieslajonquera\/wp-json\/wp\/v2\/comments?post=2582"}],"version-history":[{"count":1,"href":"https:\/\/agora.xtec.cat\/ieslajonquera\/wp-json\/wp\/v2\/posts\/2582\/revisions"}],"predecessor-version":[{"id":2584,"href":"https:\/\/agora.xtec.cat\/ieslajonquera\/wp-json\/wp\/v2\/posts\/2582\/revisions\/2584"}],"wp:featuredmedia":[{"embeddable":true,"href":"https:\/\/agora.xtec.cat\/ieslajonquera\/wp-json\/wp\/v2\/media\/2583"}],"wp:attachment":[{"href":"https:\/\/agora.xtec.cat\/ieslajonquera\/wp-json\/wp\/v2\/media?parent=2582"}],"wp:term":[{"taxonomy":"category","embeddable":true,"href":"https:\/\/agora.xtec.cat\/ieslajonquera\/wp-json\/wp\/v2\/categories?post=2582"},{"taxonomy":"post_tag","embeddable":true,"href":"https:\/\/agora.xtec.cat\/ieslajonquera\/wp-json\/wp\/v2\/tags?post=2582"}],"curies":[{"name":"wp","href":"https:\/\/api.w.org\/{rel}","templated":true}]}}