{"id":2534,"date":"2021-02-04T22:40:15","date_gmt":"2021-02-04T21:40:15","guid":{"rendered":"https:\/\/agora.xtec.cat\/ieslajonquera\/?p=2534"},"modified":"2021-02-04T22:40:15","modified_gmt":"2021-02-04T21:40:15","slug":"gran-exit-dels-alumnes-del-centre-a-les-proves-delf","status":"publish","type":"post","link":"https:\/\/agora.xtec.cat\/ieslajonquera\/general\/gran-exit-dels-alumnes-del-centre-a-les-proves-delf\/","title":{"rendered":"Gran \u00e8xit dels alumnes del centre a les proves DELF"},"content":{"rendered":"<p style=\"text-align: justify;\"><a href=\"https:\/\/agora.xtec.cat\/ieslajonquera\/wp-content\/uploads\/usu2014\/2021\/02\/DELF.png\"><img loading=\"lazy\" decoding=\"async\" class=\" wp-image-2535 alignleft\" src=\"https:\/\/agora.xtec.cat\/ieslajonquera\/wp-content\/uploads\/usu2014\/2021\/02\/DELF-300x300.png\" alt=\"\" width=\"421\" height=\"421\" \/><\/a>Els alumnes que es van presentar aquesta tardor a les proves DELF de llengua francesa (nivells A2 i B1) han obtingut el certificat <strong>amb molt bones qualificacions<\/strong>. Es tracta de l&#8217;Iv\u00e1n Mart\u00ednez, la Marta Llosa, la Laura Moreno, la Carla Sais i l&#8217;Ol\u00edvia Par\u00e9. Moltes felicitats a tots pel treball realitzat!<\/p>\n<p style=\"text-align: justify;\">Les proves van ser anul\u00b7lades aquesta primavera per la situaci\u00f3 pand\u00e8mica Covid-19 i a la tardor es van reprendre, tot donant la possibilitat als nostres alumnes d\u2019escollir entre passar les proves durant el mes de novembre o aquesta primavera 2021.<\/p>\n<p style=\"text-align: justify;\">Els 26 i 27 d\u2019abril de 2021 es presentaran els alumnes que van decidir esperar i estaran acompanyats per alumnes de 4t de l\u2019ESO i alguns altres que participen al Batxibac. Aprofitem l&#8217;ocasi\u00f3 per desitjar sort als candidats d\u2019aquest curs.<\/p>\n<p style=\"text-align: justify;\">El <a href=\"https:\/\/delf-scolaire.cat\/\">DELF escolar<\/a> \u00e9s un programa del Ministeri Franc\u00e8s de l\u2019Educaci\u00f3 Nacional i de l&#8217;Ensenyament Superior i mitjan\u00e7ant un acord entre el Servei de Cooperaci\u00f3 i d\u2019Acci\u00f3 Cultural de l&#8217;Ambaixada de Fran\u00e7a i el Departament d\u2019Ensenyament de Catalunya s\u2019ofereix la possibilitat de presentar-se a les proves per obtenir el certificat als alumnes que cursen la mat\u00e8ria de llengua francesa ens els centres educatius de secund\u00e0ria<\/p>\n<p style=\"text-align: justify;\">Aquests certificats s\u00f3n reconeguts internacionalment i s&#8217;adeq\u00fcen als nivells A2, B1 i B2 del Marc Com\u00fa Europeu de Refer\u00e8ncia per a les Lleng\u00fces (MCERL).<\/p>\n","protected":false},"excerpt":{"rendered":"<p><a href=\"https:\/\/agora.xtec.cat\/ieslajonquera\/wp-content\/uploads\/usu2014\/2021\/02\/DELF.png\"><\/a>Els alumnes que es van presentar aquesta tardor a les proves DELF de llengua francesa (nivells A2 i B1) han obtingut el certificat amb molt bones qualificacions. Es tracta de l&#8217;Iv\u00e1n Mart\u00ednez, la Marta Llosa, la Laura Moreno, la Carla Sais i l&#8217;Ol\u00edvia Par\u00e9.&hellip;  <a href=\"https:\/\/agora.xtec.cat\/ieslajonquera\/general\/gran-exit-dels-alumnes-del-centre-a-les-proves-delf\/\" title=\"Read Gran \u00e8xit dels alumnes del centre a les proves DELF\">Llegeix m\u00e9s\u00bb<\/a><\/p>\n","protected":false},"author":3,"featured_media":2535,"comment_status":"open","ping_status":"closed","sticky":false,"template":"","format":"standard","meta":{"_bbp_topic_count":0,"_bbp_reply_count":0,"_bbp_total_topic_count":0,"_bbp_total_reply_count":0,"_bbp_voice_count":0,"_bbp_anonymous_reply_count":0,"_bbp_topic_count_hidden":0,"_bbp_reply_count_hidden":0,"_bbp_forum_subforum_count":0,"footnotes":""},"categories":[1],"tags":[129],"class_list":["post-2534","post","type-post","status-publish","format-standard","has-post-thumbnail","hentry","category-general","tag-frances"],"post_mailing_queue_ids":[],"_links":{"self":[{"href":"https:\/\/agora.xtec.cat\/ieslajonquera\/wp-json\/wp\/v2\/posts\/2534","targetHints":{"allow":["GET"]}}],"collection":[{"href":"https:\/\/agora.xtec.cat\/ieslajonquera\/wp-json\/wp\/v2\/posts"}],"about":[{"href":"https:\/\/agora.xtec.cat\/ieslajonquera\/wp-json\/wp\/v2\/types\/post"}],"author":[{"embeddable":true,"href":"https:\/\/agora.xtec.cat\/ieslajonquera\/wp-json\/wp\/v2\/users\/3"}],"replies":[{"embeddable":true,"href":"https:\/\/agora.xtec.cat\/ieslajonquera\/wp-json\/wp\/v2\/comments?post=2534"}],"version-history":[{"count":1,"href":"https:\/\/agora.xtec.cat\/ieslajonquera\/wp-json\/wp\/v2\/posts\/2534\/revisions"}],"predecessor-version":[{"id":2536,"href":"https:\/\/agora.xtec.cat\/ieslajonquera\/wp-json\/wp\/v2\/posts\/2534\/revisions\/2536"}],"wp:featuredmedia":[{"embeddable":true,"href":"https:\/\/agora.xtec.cat\/ieslajonquera\/wp-json\/wp\/v2\/media\/2535"}],"wp:attachment":[{"href":"https:\/\/agora.xtec.cat\/ieslajonquera\/wp-json\/wp\/v2\/media?parent=2534"}],"wp:term":[{"taxonomy":"category","embeddable":true,"href":"https:\/\/agora.xtec.cat\/ieslajonquera\/wp-json\/wp\/v2\/categories?post=2534"},{"taxonomy":"post_tag","embeddable":true,"href":"https:\/\/agora.xtec.cat\/ieslajonquera\/wp-json\/wp\/v2\/tags?post=2534"}],"curies":[{"name":"wp","href":"https:\/\/api.w.org\/{rel}","templated":true}]}}