{"id":2519,"date":"2021-01-28T11:38:50","date_gmt":"2021-01-28T10:38:50","guid":{"rendered":"https:\/\/agora.xtec.cat\/ieslajonquera\/?p=2519"},"modified":"2021-02-11T18:50:41","modified_gmt":"2021-02-11T17:50:41","slug":"apropem-nos-a-lfp","status":"publish","type":"post","link":"https:\/\/agora.xtec.cat\/ieslajonquera\/afa-ampa\/apropem-nos-a-lfp\/","title":{"rendered":"Apropem-nos a l&#8217;FP"},"content":{"rendered":"<p style=\"text-align: justify;\">La FAPAES comen\u00e7a un cicle dedicat a l&#8217;orientaci\u00f3 un cop els alumnes acaben l&#8217;ESO. El cicle el tancaran amb una Xerrada virtual adre\u00e7ada a les\u00a0 AMPA \/ AFA el proper 17\/02\/2021 a les 18:30 h a trav\u00e9s del ZOOM. La sessi\u00f3 adre\u00e7ada a juntes directives d&#8217;AMPA\/AFA tindr\u00e0 dos objectius:<\/p>\n<ul style=\"text-align: justify;\">\n<li>Informar detalladament de les diferents opcions d&#8217;estudis postobligatoris<\/li>\n<li>Idees de com assessorar i acompanyar\u00a0 les fam\u00edlies del centre<\/li>\n<\/ul>\n<p><strong>APROPEM-NOS A L&#8217;FP<\/strong><\/p>\n<table style=\"height: 139px;\">\n<tbody>\n<tr style=\"height: 106px;\">\n<td style=\"height: 106px; width: 333.517px;\"><a href=\"https:\/\/drive.google.com\/file\/d\/1yUDKxpchqXpYzKKNaHWzqdg8r21iL0nX\/view?usp=sharing\"><img loading=\"lazy\" decoding=\"async\" class=\"size-medium wp-image-2528 alignleft\" src=\"https:\/\/agora.xtec.cat\/ieslajonquera\/wp-content\/uploads\/usu2014\/2021\/01\/IMG_20210204_101106-300x75.jpg\" alt=\"\" width=\"300\" height=\"75\" \/><\/a><\/td>\n<td style=\"height: 106px; width: 333.517px;\"><a href=\"https:\/\/drive.google.com\/file\/d\/12Kc2SHBPqb_eBS-ls4rVuO-cd4NXBI-d\/view?usp=sharing\"><img loading=\"lazy\" decoding=\"async\" class=\"size-medium wp-image-2529 alignleft\" src=\"https:\/\/agora.xtec.cat\/ieslajonquera\/wp-content\/uploads\/usu2014\/2021\/01\/IMG_20210204_101200-300x73.jpg\" alt=\"\" width=\"300\" height=\"73\" \/><\/a><\/td>\n<\/tr>\n<tr style=\"height: 33px;\">\n<td style=\"height: 33px; width: 333.517px;\"><a href=\"https:\/\/drive.google.com\/file\/d\/11pF4bJaCWuYdvv9X7cfRa279YmcHEV5E\/view?usp=sharing\"><img loading=\"lazy\" decoding=\"async\" class=\"size-medium wp-image-2530 alignleft\" src=\"https:\/\/agora.xtec.cat\/ieslajonquera\/wp-content\/uploads\/usu2014\/2021\/01\/IMG_20210204_101138-300x75.jpg\" alt=\"\" width=\"300\" height=\"75\" \/><\/a><\/td>\n<td style=\"height: 33px; width: 333.517px;\"><a href=\"https:\/\/drive.google.com\/file\/d\/1FJ98FiUeClfOlif70m-KoRj_yaDIoeCA\/view?usp=sharing\"><img loading=\"lazy\" decoding=\"async\" class=\"size-medium wp-image-2577 alignleft\" src=\"https:\/\/agora.xtec.cat\/ieslajonquera\/wp-content\/uploads\/usu2014\/2021\/01\/IMG_20210210_221926-300x71.jpg\" alt=\"\" width=\"300\" height=\"71\" srcset=\"https:\/\/agora.xtec.cat\/ieslajonquera\/wp-content\/uploads\/usu2014\/2021\/01\/IMG_20210210_221926-300x71.jpg 300w, https:\/\/agora.xtec.cat\/ieslajonquera\/wp-content\/uploads\/usu2014\/2021\/01\/IMG_20210210_221926-768x181.jpg 768w, https:\/\/agora.xtec.cat\/ieslajonquera\/wp-content\/uploads\/usu2014\/2021\/01\/IMG_20210210_221926.jpg 974w\" sizes=\"auto, (max-width: 300px) 100vw, 300px\" \/><\/a><\/td>\n<\/tr>\n<tr>\n<td style=\"width: 333.517px;\"><a href=\"https:\/\/drive.google.com\/file\/d\/1a8qlxtiVnEQZn75V2nmuxA8j58eUdKvA\/view?usp=sharing\"><img loading=\"lazy\" decoding=\"async\" class=\"size-medium wp-image-2578 alignleft\" src=\"https:\/\/agora.xtec.cat\/ieslajonquera\/wp-content\/uploads\/usu2014\/2021\/01\/IMG_20210210_222013-300x74.jpg\" alt=\"\" width=\"300\" height=\"74\" \/><\/a><\/td>\n<td style=\"width: 333.517px;\"><\/td>\n<\/tr>\n<\/tbody>\n<\/table>\n<p>&nbsp;<\/p>\n","protected":false},"excerpt":{"rendered":"<p>La FAPAES comen\u00e7a un cicle dedicat a l&#8217;orientaci\u00f3 un cop els alumnes acaben l&#8217;ESO. El cicle el tancaran amb una Xerrada virtual adre\u00e7ada a les\u00a0 AMPA \/ AFA el proper 17\/02\/2021 a les 18:30 h a trav\u00e9s del ZOOM. La sessi\u00f3 adre\u00e7ada a juntes directives&hellip;  <a href=\"https:\/\/agora.xtec.cat\/ieslajonquera\/afa-ampa\/apropem-nos-a-lfp\/\" title=\"Read Apropem-nos a l&#8217;FP\">Llegeix m\u00e9s\u00bb<\/a><\/p>\n","protected":false},"author":3,"featured_media":0,"comment_status":"open","ping_status":"closed","sticky":false,"template":"","format":"standard","meta":{"_bbp_topic_count":0,"_bbp_reply_count":0,"_bbp_total_topic_count":0,"_bbp_total_reply_count":0,"_bbp_voice_count":0,"_bbp_anonymous_reply_count":0,"_bbp_topic_count_hidden":0,"_bbp_reply_count_hidden":0,"_bbp_forum_subforum_count":0,"footnotes":""},"categories":[31],"tags":[],"class_list":["post-2519","post","type-post","status-publish","format-standard","hentry","category-afa-ampa"],"post_mailing_queue_ids":[],"_links":{"self":[{"href":"https:\/\/agora.xtec.cat\/ieslajonquera\/wp-json\/wp\/v2\/posts\/2519","targetHints":{"allow":["GET"]}}],"collection":[{"href":"https:\/\/agora.xtec.cat\/ieslajonquera\/wp-json\/wp\/v2\/posts"}],"about":[{"href":"https:\/\/agora.xtec.cat\/ieslajonquera\/wp-json\/wp\/v2\/types\/post"}],"author":[{"embeddable":true,"href":"https:\/\/agora.xtec.cat\/ieslajonquera\/wp-json\/wp\/v2\/users\/3"}],"replies":[{"embeddable":true,"href":"https:\/\/agora.xtec.cat\/ieslajonquera\/wp-json\/wp\/v2\/comments?post=2519"}],"version-history":[{"count":3,"href":"https:\/\/agora.xtec.cat\/ieslajonquera\/wp-json\/wp\/v2\/posts\/2519\/revisions"}],"predecessor-version":[{"id":2581,"href":"https:\/\/agora.xtec.cat\/ieslajonquera\/wp-json\/wp\/v2\/posts\/2519\/revisions\/2581"}],"wp:attachment":[{"href":"https:\/\/agora.xtec.cat\/ieslajonquera\/wp-json\/wp\/v2\/media?parent=2519"}],"wp:term":[{"taxonomy":"category","embeddable":true,"href":"https:\/\/agora.xtec.cat\/ieslajonquera\/wp-json\/wp\/v2\/categories?post=2519"},{"taxonomy":"post_tag","embeddable":true,"href":"https:\/\/agora.xtec.cat\/ieslajonquera\/wp-json\/wp\/v2\/tags?post=2519"}],"curies":[{"name":"wp","href":"https:\/\/api.w.org\/{rel}","templated":true}]}}