{"id":2510,"date":"2021-01-22T13:47:20","date_gmt":"2021-01-22T12:47:20","guid":{"rendered":"https:\/\/agora.xtec.cat\/ieslajonquera\/?p=2510"},"modified":"2021-01-22T13:47:20","modified_gmt":"2021-01-22T12:47:20","slug":"ja-esta-en-marxa-el-concurs-ficcions","status":"publish","type":"post","link":"https:\/\/agora.xtec.cat\/ieslajonquera\/general\/ja-esta-en-marxa-el-concurs-ficcions\/","title":{"rendered":"Ja est\u00e0 en marxa el concurs &#8220;Ficcions&#8221;"},"content":{"rendered":"<p style=\"text-align: left;\"><a href=\"https:\/\/agora.xtec.cat\/ieslajonquera\/wp-content\/uploads\/usu2014\/2021\/01\/IMG_20210122_120357-1.jpg\"><img loading=\"lazy\" decoding=\"async\" class=\"size-medium wp-image-2511 alignleft\" src=\"https:\/\/agora.xtec.cat\/ieslajonquera\/wp-content\/uploads\/usu2014\/2021\/01\/IMG_20210122_120357-1-225x300.jpg\" alt=\"\" width=\"225\" height=\"300\" srcset=\"https:\/\/agora.xtec.cat\/ieslajonquera\/wp-content\/uploads\/usu2014\/2021\/01\/IMG_20210122_120357-1-225x300.jpg 225w, https:\/\/agora.xtec.cat\/ieslajonquera\/wp-content\/uploads\/usu2014\/2021\/01\/IMG_20210122_120357-1-768x1024.jpg 768w\" sizes=\"auto, (max-width: 225px) 100vw, 225px\" \/><\/a><\/p>\n<p style=\"text-align: justify;\">Els alumnes de 3r i 4t d&#8217;ESO i 1r de Batxillerat ja han comen\u00e7at a preparar els cap\u00edtols que presentaran al concurs literari &#8220;Ficcions&#8221;.\u00a0 Es tracta d&#8217;un concurs en catal\u00e0 que proposa crear una hist\u00f2ria de ficci\u00f3 dividida en tres cap\u00edtols i que pren com a punt de partida un primer inici que cal escollir d&#8217;entre diverses propostes.<\/p>\n<p style=\"text-align: justify;\">Els desitgem molta sort!<\/p>\n","protected":false},"excerpt":{"rendered":"<p><a href=\"https:\/\/agora.xtec.cat\/ieslajonquera\/wp-content\/uploads\/usu2014\/2021\/01\/IMG_20210122_120357-1.jpg\"><\/a><br \/>\nEls alumnes de 3r i 4t d&#8217;ESO i 1r de Batxillerat ja han comen\u00e7at a preparar els cap\u00edtols que presentaran al concurs literari &#8220;Ficcions&#8221;.\u00a0 Es tracta d&#8217;un concurs en catal\u00e0 que proposa crear una hist\u00f2ria de ficci\u00f3 dividida en tres cap\u00edtols i que pren&hellip;  <a href=\"https:\/\/agora.xtec.cat\/ieslajonquera\/general\/ja-esta-en-marxa-el-concurs-ficcions\/\" title=\"Read Ja est\u00e0 en marxa el concurs &#8220;Ficcions&#8221;\">Llegeix m\u00e9s\u00bb<\/a><\/p>\n","protected":false},"author":3,"featured_media":2511,"comment_status":"open","ping_status":"closed","sticky":false,"template":"","format":"standard","meta":{"_bbp_topic_count":0,"_bbp_reply_count":0,"_bbp_total_topic_count":0,"_bbp_total_reply_count":0,"_bbp_voice_count":0,"_bbp_anonymous_reply_count":0,"_bbp_topic_count_hidden":0,"_bbp_reply_count_hidden":0,"_bbp_forum_subforum_count":0,"footnotes":""},"categories":[3,1],"tags":[106,57,124],"class_list":["post-2510","post","type-post","status-publish","format-standard","has-post-thumbnail","hentry","category-eso","category-general","tag-concurs","tag-expressio-escrita","tag-literatura"],"post_mailing_queue_ids":[],"_links":{"self":[{"href":"https:\/\/agora.xtec.cat\/ieslajonquera\/wp-json\/wp\/v2\/posts\/2510","targetHints":{"allow":["GET"]}}],"collection":[{"href":"https:\/\/agora.xtec.cat\/ieslajonquera\/wp-json\/wp\/v2\/posts"}],"about":[{"href":"https:\/\/agora.xtec.cat\/ieslajonquera\/wp-json\/wp\/v2\/types\/post"}],"author":[{"embeddable":true,"href":"https:\/\/agora.xtec.cat\/ieslajonquera\/wp-json\/wp\/v2\/users\/3"}],"replies":[{"embeddable":true,"href":"https:\/\/agora.xtec.cat\/ieslajonquera\/wp-json\/wp\/v2\/comments?post=2510"}],"version-history":[{"count":2,"href":"https:\/\/agora.xtec.cat\/ieslajonquera\/wp-json\/wp\/v2\/posts\/2510\/revisions"}],"predecessor-version":[{"id":2513,"href":"https:\/\/agora.xtec.cat\/ieslajonquera\/wp-json\/wp\/v2\/posts\/2510\/revisions\/2513"}],"wp:featuredmedia":[{"embeddable":true,"href":"https:\/\/agora.xtec.cat\/ieslajonquera\/wp-json\/wp\/v2\/media\/2511"}],"wp:attachment":[{"href":"https:\/\/agora.xtec.cat\/ieslajonquera\/wp-json\/wp\/v2\/media?parent=2510"}],"wp:term":[{"taxonomy":"category","embeddable":true,"href":"https:\/\/agora.xtec.cat\/ieslajonquera\/wp-json\/wp\/v2\/categories?post=2510"},{"taxonomy":"post_tag","embeddable":true,"href":"https:\/\/agora.xtec.cat\/ieslajonquera\/wp-json\/wp\/v2\/tags?post=2510"}],"curies":[{"name":"wp","href":"https:\/\/api.w.org\/{rel}","templated":true}]}}