{"id":2499,"date":"2021-01-19T13:09:48","date_gmt":"2021-01-19T12:09:48","guid":{"rendered":"https:\/\/agora.xtec.cat\/ieslajonquera\/?p=2499"},"modified":"2021-01-19T17:33:03","modified_gmt":"2021-01-19T16:33:03","slug":"els-alumnes-de-4t-deso-participen-en-el-projecte-tots-dansen","status":"publish","type":"post","link":"https:\/\/agora.xtec.cat\/ieslajonquera\/general\/els-alumnes-de-4t-deso-participen-en-el-projecte-tots-dansen\/","title":{"rendered":"Els alumnes de 4t d\u2019ESO participen en el projecte \u2018Tots Dansen\u2019"},"content":{"rendered":"<p style=\"text-align: justify;\"><a href=\"https:\/\/agora.xtec.cat\/ieslajonquera\/wp-content\/uploads\/usu2014\/2021\/01\/IMG_20210119_131503.jpg\"><img loading=\"lazy\" decoding=\"async\" class=\"wp-image-2501 alignleft\" src=\"https:\/\/agora.xtec.cat\/ieslajonquera\/wp-content\/uploads\/usu2014\/2021\/01\/IMG_20210119_131503-300x171.jpg\" alt=\"\" width=\"436\" height=\"248\" srcset=\"https:\/\/agora.xtec.cat\/ieslajonquera\/wp-content\/uploads\/usu2014\/2021\/01\/IMG_20210119_131503-300x171.jpg 300w, https:\/\/agora.xtec.cat\/ieslajonquera\/wp-content\/uploads\/usu2014\/2021\/01\/IMG_20210119_131503-768x439.jpg 768w, https:\/\/agora.xtec.cat\/ieslajonquera\/wp-content\/uploads\/usu2014\/2021\/01\/IMG_20210119_131503.jpg 1005w\" sizes=\"auto, (max-width: 436px) 100vw, 436px\" \/><\/a>Aquest curs, els nois i les noies de 4t d\u2019ESO han fet les seves primeres passes dins del m\u00f3n de la dansa contempor\u00e0nia i el llenguatge del moviment. Durant el primer trimestre, els alumnes han format part del projecte \u2018Tots Dansen\u2019, impulsat per la Generalitat de Catalunya, el Mercat de les Flors i l\u2019Ajuntament de la Jonquera i coordinat pel col\u00b7lectiu AGITART. La iniciativa busca introduir a les aules la pr\u00e0ctica art\u00edstica com una experi\u00e8ncia positiva i enriquidora tant en l\u2019\u00e0mbit personal com en el col\u00b7lectiu.<\/p>\n<p style=\"text-align: justify;\">En aquest sentit, durant els darrers mesos, els alumnes han participat activament en un proc\u00e9s de creaci\u00f3 coreogr\u00e0fica, liderat per l\u2019artista Constanza Brncic i compartit amb diferents professors del centre. El resultat ha estat un brillant espectacle de dansa contempor\u00e0nia titulat <em>Carrers<\/em>. A trav\u00e9s del reeixit projecte, nascut el curs 2012-2013 a la ciutat de Barcelona, els nois i les noies han vist refor\u00e7at el paper de la dansa com a eina educativa i han treballat la transmissi\u00f3 de valors, la creativitat i el treball en equip.<\/p>\n<p style=\"text-align: justify;\">Podeu veure l\u2019espectacle <em>Carrers<\/em>\u00a0en\u00a0<a href=\"https:\/\/www.facebook.com\/ajuntamentdelajonquera\/videos\/1033210353833737\">aquest enlla\u00e7<\/a>.<\/p>\n","protected":false},"excerpt":{"rendered":"<p><a href=\"https:\/\/agora.xtec.cat\/ieslajonquera\/wp-content\/uploads\/usu2014\/2021\/01\/IMG_20210119_131503.jpg\"><\/a>Aquest curs, els nois i les noies de 4t d\u2019ESO han fet les seves primeres passes dins del m\u00f3n de la dansa contempor\u00e0nia i el llenguatge del moviment. Durant el primer trimestre, els alumnes han format part del projecte \u2018Tots Dansen\u2019, impulsat per la&hellip;  <a href=\"https:\/\/agora.xtec.cat\/ieslajonquera\/general\/els-alumnes-de-4t-deso-participen-en-el-projecte-tots-dansen\/\" title=\"Read Els alumnes de 4t d\u2019ESO participen en el projecte \u2018Tots Dansen\u2019\">Llegeix m\u00e9s\u00bb<\/a><\/p>\n","protected":false},"author":3,"featured_media":2501,"comment_status":"open","ping_status":"closed","sticky":false,"template":"","format":"standard","meta":{"_bbp_topic_count":0,"_bbp_reply_count":0,"_bbp_total_topic_count":0,"_bbp_total_reply_count":0,"_bbp_voice_count":0,"_bbp_anonymous_reply_count":0,"_bbp_topic_count_hidden":0,"_bbp_reply_count_hidden":0,"_bbp_forum_subforum_count":0,"footnotes":""},"categories":[7,3,1],"tags":[133,141,132],"class_list":["post-2499","post","type-post","status-publish","format-standard","has-post-thumbnail","hentry","category-eso-4","category-eso","category-general","tag-creativitat","tag-dansa","tag-projectes"],"post_mailing_queue_ids":[],"_links":{"self":[{"href":"https:\/\/agora.xtec.cat\/ieslajonquera\/wp-json\/wp\/v2\/posts\/2499","targetHints":{"allow":["GET"]}}],"collection":[{"href":"https:\/\/agora.xtec.cat\/ieslajonquera\/wp-json\/wp\/v2\/posts"}],"about":[{"href":"https:\/\/agora.xtec.cat\/ieslajonquera\/wp-json\/wp\/v2\/types\/post"}],"author":[{"embeddable":true,"href":"https:\/\/agora.xtec.cat\/ieslajonquera\/wp-json\/wp\/v2\/users\/3"}],"replies":[{"embeddable":true,"href":"https:\/\/agora.xtec.cat\/ieslajonquera\/wp-json\/wp\/v2\/comments?post=2499"}],"version-history":[{"count":3,"href":"https:\/\/agora.xtec.cat\/ieslajonquera\/wp-json\/wp\/v2\/posts\/2499\/revisions"}],"predecessor-version":[{"id":2509,"href":"https:\/\/agora.xtec.cat\/ieslajonquera\/wp-json\/wp\/v2\/posts\/2499\/revisions\/2509"}],"wp:featuredmedia":[{"embeddable":true,"href":"https:\/\/agora.xtec.cat\/ieslajonquera\/wp-json\/wp\/v2\/media\/2501"}],"wp:attachment":[{"href":"https:\/\/agora.xtec.cat\/ieslajonquera\/wp-json\/wp\/v2\/media?parent=2499"}],"wp:term":[{"taxonomy":"category","embeddable":true,"href":"https:\/\/agora.xtec.cat\/ieslajonquera\/wp-json\/wp\/v2\/categories?post=2499"},{"taxonomy":"post_tag","embeddable":true,"href":"https:\/\/agora.xtec.cat\/ieslajonquera\/wp-json\/wp\/v2\/tags?post=2499"}],"curies":[{"name":"wp","href":"https:\/\/api.w.org\/{rel}","templated":true}]}}