{"id":2478,"date":"2021-01-16T11:27:26","date_gmt":"2021-01-16T10:27:26","guid":{"rendered":"https:\/\/agora.xtec.cat\/ieslajonquera\/?p=2478"},"modified":"2021-02-17T17:15:52","modified_gmt":"2021-02-17T16:15:52","slug":"inici-del-projecte-i-musica","status":"publish","type":"post","link":"https:\/\/agora.xtec.cat\/ieslajonquera\/general\/inici-del-projecte-i-musica\/","title":{"rendered":"Inici del projecte I-M\u00fasica"},"content":{"rendered":"<p style=\"text-align: justify;\">Aquest curs, com a conseq\u00fc\u00e8ncia de la Covid-19, el projecte I-M\u00fasica es desenvolpar\u00e0 en una versi\u00f3 redu\u00efda i d&#8217;acord amb les mesures sanit\u00e0ries vigents. Des del gener fins al mar\u00e7, els alumnes de 2n d&#8217;ESO continuaran iniciant-se en la pr\u00e0ctica dels instruments de corda, viol\u00ed i violoncel, que ja havien comen\u00e7at el curs passat i no havien pogut acabar. Despr\u00e9s de les vacances de Setmana Santa i fins a final de curs, els alumnes de 1r d&#8217;ESO participaran en el projecte tamb\u00e9 amb la pr\u00e0ctica d&#8217;instruments de corda (habitualment, si els alumnes d&#8217;un curs tocaven instruments de corda, els altres tocaven instruments de vent), ja que els de vent podrien ser m\u00e9s problem\u00e0tics des del punt de vista de la salut. Per les classes d&#8217;instrument es fa servir tant l&#8217;aula polivalent del centre com les instal\u00b7lacions de l&#8217;Escola Municipal de M\u00fasica a Can Laporta.<\/p>\n<p><a href=\"https:\/\/agora.xtec.cat\/ieslajonquera\/wp-content\/uploads\/usu2014\/2021\/01\/IMG-20210116-WA0000.jpg\"><img loading=\"lazy\" decoding=\"async\" class=\"size-medium wp-image-2481 alignleft\" src=\"https:\/\/agora.xtec.cat\/ieslajonquera\/wp-content\/uploads\/usu2014\/2021\/01\/IMG-20210116-WA0000-300x225.jpg\" alt=\"\" width=\"300\" height=\"225\" srcset=\"https:\/\/agora.xtec.cat\/ieslajonquera\/wp-content\/uploads\/usu2014\/2021\/01\/IMG-20210116-WA0000-300x225.jpg 300w, https:\/\/agora.xtec.cat\/ieslajonquera\/wp-content\/uploads\/usu2014\/2021\/01\/IMG-20210116-WA0000-768x576.jpg 768w, https:\/\/agora.xtec.cat\/ieslajonquera\/wp-content\/uploads\/usu2014\/2021\/01\/IMG-20210116-WA0000-1024x768.jpg 1024w, https:\/\/agora.xtec.cat\/ieslajonquera\/wp-content\/uploads\/usu2014\/2021\/01\/IMG-20210116-WA0000-200x150.jpg 200w, https:\/\/agora.xtec.cat\/ieslajonquera\/wp-content\/uploads\/usu2014\/2021\/01\/IMG-20210116-WA0000.jpg 1600w\" sizes=\"auto, (max-width: 300px) 100vw, 300px\" \/><\/a>El projecte I-M\u00fasica \u00e9s una col\u00b7laboraci\u00f3 entre l&#8217;Escola Municipal de M\u00fasica de la Jonquera i l&#8217;institut en qu\u00e8 els alumnes de 1r i 2n d&#8217;ESO aprenen a tocar un instrument.<\/p>\n","protected":false},"excerpt":{"rendered":"<p>Aquest curs, com a conseq\u00fc\u00e8ncia de la Covid-19, el projecte I-M\u00fasica es desenvolpar\u00e0 en una versi\u00f3 redu\u00efda i d&#8217;acord amb les mesures sanit\u00e0ries vigents. Des del gener fins al mar\u00e7, els alumnes de 2n d&#8217;ESO continuaran iniciant-se en la pr\u00e0ctica dels instruments de corda, viol\u00ed&hellip;  <a href=\"https:\/\/agora.xtec.cat\/ieslajonquera\/general\/inici-del-projecte-i-musica\/\" title=\"Read Inici del projecte I-M\u00fasica\">Llegeix m\u00e9s\u00bb<\/a><\/p>\n","protected":false},"author":3,"featured_media":2481,"comment_status":"open","ping_status":"closed","sticky":false,"template":"","format":"standard","meta":{"_bbp_topic_count":0,"_bbp_reply_count":0,"_bbp_total_topic_count":0,"_bbp_total_reply_count":0,"_bbp_voice_count":0,"_bbp_anonymous_reply_count":0,"_bbp_topic_count_hidden":0,"_bbp_reply_count_hidden":0,"_bbp_forum_subforum_count":0,"footnotes":""},"categories":[3,1],"tags":[109,132],"class_list":["post-2478","post","type-post","status-publish","format-standard","has-post-thumbnail","hentry","category-eso","category-general","tag-musica","tag-projectes"],"post_mailing_queue_ids":[],"_links":{"self":[{"href":"https:\/\/agora.xtec.cat\/ieslajonquera\/wp-json\/wp\/v2\/posts\/2478","targetHints":{"allow":["GET"]}}],"collection":[{"href":"https:\/\/agora.xtec.cat\/ieslajonquera\/wp-json\/wp\/v2\/posts"}],"about":[{"href":"https:\/\/agora.xtec.cat\/ieslajonquera\/wp-json\/wp\/v2\/types\/post"}],"author":[{"embeddable":true,"href":"https:\/\/agora.xtec.cat\/ieslajonquera\/wp-json\/wp\/v2\/users\/3"}],"replies":[{"embeddable":true,"href":"https:\/\/agora.xtec.cat\/ieslajonquera\/wp-json\/wp\/v2\/comments?post=2478"}],"version-history":[{"count":3,"href":"https:\/\/agora.xtec.cat\/ieslajonquera\/wp-json\/wp\/v2\/posts\/2478\/revisions"}],"predecessor-version":[{"id":2485,"href":"https:\/\/agora.xtec.cat\/ieslajonquera\/wp-json\/wp\/v2\/posts\/2478\/revisions\/2485"}],"wp:featuredmedia":[{"embeddable":true,"href":"https:\/\/agora.xtec.cat\/ieslajonquera\/wp-json\/wp\/v2\/media\/2481"}],"wp:attachment":[{"href":"https:\/\/agora.xtec.cat\/ieslajonquera\/wp-json\/wp\/v2\/media?parent=2478"}],"wp:term":[{"taxonomy":"category","embeddable":true,"href":"https:\/\/agora.xtec.cat\/ieslajonquera\/wp-json\/wp\/v2\/categories?post=2478"},{"taxonomy":"post_tag","embeddable":true,"href":"https:\/\/agora.xtec.cat\/ieslajonquera\/wp-json\/wp\/v2\/tags?post=2478"}],"curies":[{"name":"wp","href":"https:\/\/api.w.org\/{rel}","templated":true}]}}