{"id":2398,"date":"2020-12-21T23:00:47","date_gmt":"2020-12-21T22:00:47","guid":{"rendered":"https:\/\/agora.xtec.cat\/ieslajonquera\/?p=2398"},"modified":"2020-12-21T23:02:31","modified_gmt":"2020-12-21T22:02:31","slug":"activitats-de-lultim-dia-abans-de-les-vacances-de-nadal","status":"publish","type":"post","link":"https:\/\/agora.xtec.cat\/ieslajonquera\/general\/activitats-de-lultim-dia-abans-de-les-vacances-de-nadal\/","title":{"rendered":"Activitats de l&#8217;\u00faltim dia abans de les vacances de Nadal"},"content":{"rendered":"<p style=\"text-align: justify;\"><a href=\"https:\/\/agora.xtec.cat\/ieslajonquera\/wp-content\/uploads\/usu2014\/2020\/12\/IMG_20201221_0957441.jpg\"><img loading=\"lazy\" decoding=\"async\" class=\"wp-image-2399 alignleft\" src=\"https:\/\/agora.xtec.cat\/ieslajonquera\/wp-content\/uploads\/usu2014\/2020\/12\/IMG_20201221_0957441-300x225.jpg\" alt=\"\" width=\"395\" height=\"296\" srcset=\"https:\/\/agora.xtec.cat\/ieslajonquera\/wp-content\/uploads\/usu2014\/2020\/12\/IMG_20201221_0957441-300x225.jpg 300w, https:\/\/agora.xtec.cat\/ieslajonquera\/wp-content\/uploads\/usu2014\/2020\/12\/IMG_20201221_0957441-768x576.jpg 768w, https:\/\/agora.xtec.cat\/ieslajonquera\/wp-content\/uploads\/usu2014\/2020\/12\/IMG_20201221_0957441-1024x768.jpg 1024w, https:\/\/agora.xtec.cat\/ieslajonquera\/wp-content\/uploads\/usu2014\/2020\/12\/IMG_20201221_0957441-200x150.jpg 200w\" sizes=\"auto, (max-width: 395px) 100vw, 395px\" \/><\/a>Els tallers de Nadal que tradicionalment se celebren al centre l&#8217;\u00faltim dia abans de les vacances han estat substitu\u00efts aquest curs per activitats especials per grups bombolla, com ara la visita al MUME, la projecci\u00f3 de fotografies, la pr\u00e0ctica d&#8217;esport al pavell\u00f3 municipal, els jocs de taula o el visionat de pel\u00b7l\u00edcules.<\/p>\n<p style=\"text-align: justify;\">Podeu veure fotos de les activitats en aquest <a href=\"https:\/\/drive.google.com\/drive\/folders\/1siytf3aSBI-nQXzhrC_4hXEWsLCJGw37?usp=sharing\">enlla\u00e7<\/a>.<\/p>\n<p>&nbsp;<\/p>\n","protected":false},"excerpt":{"rendered":"<p><a href=\"https:\/\/agora.xtec.cat\/ieslajonquera\/wp-content\/uploads\/usu2014\/2020\/12\/IMG_20201221_0957441.jpg\"><\/a>Els tallers de Nadal que tradicionalment se celebren al centre l&#8217;\u00faltim dia abans de les vacances han estat substitu\u00efts aquest curs per activitats especials per grups bombolla, com ara la visita al MUME, la projecci\u00f3 de fotografies, la pr\u00e0ctica d&#8217;esport al pavell\u00f3 municipal, els&hellip;  <a href=\"https:\/\/agora.xtec.cat\/ieslajonquera\/general\/activitats-de-lultim-dia-abans-de-les-vacances-de-nadal\/\" title=\"Read Activitats de l&#8217;\u00faltim dia abans de les vacances de Nadal\">Llegeix m\u00e9s\u00bb<\/a><\/p>\n","protected":false},"author":3,"featured_media":2399,"comment_status":"open","ping_status":"closed","sticky":false,"template":"","format":"standard","meta":{"_bbp_topic_count":0,"_bbp_reply_count":0,"_bbp_total_topic_count":0,"_bbp_total_reply_count":0,"_bbp_voice_count":0,"_bbp_anonymous_reply_count":0,"_bbp_topic_count_hidden":0,"_bbp_reply_count_hidden":0,"_bbp_forum_subforum_count":0,"footnotes":""},"categories":[3,1],"tags":[120,116,111,137,39],"class_list":["post-2398","post","type-post","status-publish","format-standard","has-post-thumbnail","hentry","category-eso","category-general","tag-convivencia","tag-dinamiques","tag-esport","tag-jocs","tag-sortides"],"post_mailing_queue_ids":[],"_links":{"self":[{"href":"https:\/\/agora.xtec.cat\/ieslajonquera\/wp-json\/wp\/v2\/posts\/2398","targetHints":{"allow":["GET"]}}],"collection":[{"href":"https:\/\/agora.xtec.cat\/ieslajonquera\/wp-json\/wp\/v2\/posts"}],"about":[{"href":"https:\/\/agora.xtec.cat\/ieslajonquera\/wp-json\/wp\/v2\/types\/post"}],"author":[{"embeddable":true,"href":"https:\/\/agora.xtec.cat\/ieslajonquera\/wp-json\/wp\/v2\/users\/3"}],"replies":[{"embeddable":true,"href":"https:\/\/agora.xtec.cat\/ieslajonquera\/wp-json\/wp\/v2\/comments?post=2398"}],"version-history":[{"count":2,"href":"https:\/\/agora.xtec.cat\/ieslajonquera\/wp-json\/wp\/v2\/posts\/2398\/revisions"}],"predecessor-version":[{"id":2401,"href":"https:\/\/agora.xtec.cat\/ieslajonquera\/wp-json\/wp\/v2\/posts\/2398\/revisions\/2401"}],"wp:featuredmedia":[{"embeddable":true,"href":"https:\/\/agora.xtec.cat\/ieslajonquera\/wp-json\/wp\/v2\/media\/2399"}],"wp:attachment":[{"href":"https:\/\/agora.xtec.cat\/ieslajonquera\/wp-json\/wp\/v2\/media?parent=2398"}],"wp:term":[{"taxonomy":"category","embeddable":true,"href":"https:\/\/agora.xtec.cat\/ieslajonquera\/wp-json\/wp\/v2\/categories?post=2398"},{"taxonomy":"post_tag","embeddable":true,"href":"https:\/\/agora.xtec.cat\/ieslajonquera\/wp-json\/wp\/v2\/tags?post=2398"}],"curies":[{"name":"wp","href":"https:\/\/api.w.org\/{rel}","templated":true}]}}