{"id":2395,"date":"2020-12-21T09:30:45","date_gmt":"2020-12-21T08:30:45","guid":{"rendered":"https:\/\/agora.xtec.cat\/ieslajonquera\/?p=2395"},"modified":"2020-12-21T09:30:45","modified_gmt":"2020-12-21T08:30:45","slug":"nostalgia-i-lhome-dels-nassos","status":"publish","type":"post","link":"https:\/\/agora.xtec.cat\/ieslajonquera\/general\/nostalgia-i-lhome-dels-nassos\/","title":{"rendered":"Nost\u00e0lgia i L&#8217;home dels nassos"},"content":{"rendered":"<p>En Narc\u00eds Coderch, el professor de Visual i Pl\u00e0stica, us felicita les festes amb un poema seu, &#8220;Nost\u00e0lgia&#8221;, i una il\u00b7lustraci\u00f3, &#8220;L&#8217;home dels nassos&#8221;, que ha fet conjuntament amb l&#8217;alumne de 4t A Roger Comas.<\/p>\n<table style=\"width: 818px;\">\n<tbody>\n<tr>\n<td style=\"width: 239.3px;\">NOST\u00c0LGIA<\/p>\n<p>Nost\u00e0lgia tena\u00e7,<br \/>\nb\u00e8l\u00b7lua faluga<br \/>\naca\u00e7ant records<br \/>\nd\u2019un passat fuga\u00e7.<\/p>\n<p>Grata mem\u00f2ria,<br \/>\nef\u00edmer enfony,<br \/>\nguardes encara<br \/>\nl\u2019olor dels fogons.<\/p>\n<p>Al mig de la llar<br \/>\nuna ascla roent<br \/>\nara fumeja,<br \/>\na fora fa vent.<\/p>\n<p>Fosca l\u2019estan\u00e7a,<br \/>\ntot just llu\u00efssor<br \/>\nd\u2019estel del cloquer,<br \/>\nm\u2019apressa el ti\u00f3.<\/p>\n<p>&nbsp;<\/td>\n<td style=\"width: 259.317px;\">Pessebre gegant<br \/>\namb un cel rogent<br \/>\ni Missa del Gall<br \/>\namb foc, al convent.<\/p>\n<p>L\u2019home dels nassos,<br \/>\nal carrer fa fred.<br \/>\nEstrella saur<br \/>\nduc per fanalet.<\/p>\n<p>Arriben els reis,<br \/>\nno em vull adormir!<br \/>\nFiles de torxes<br \/>\ntracen el cam\u00ed.<\/p>\n<p>M\u2019acotxo mandr\u00f3s<br \/>\ndamunt el sof\u00e0,<br \/>\nbecaina plaent,<br \/>\nno em vull desvetllar.<\/p>\n<p>Narc\u00eds Coderch<br \/>\n2020<\/td>\n<td style=\"width: 309.383px;\"><a href=\"https:\/\/agora.xtec.cat\/ieslajonquera\/wp-content\/uploads\/usu2014\/2020\/12\/IMG-20201221-WA0001.jpg\"><img loading=\"lazy\" decoding=\"async\" class=\"aligncenter  wp-image-2396\" src=\"https:\/\/agora.xtec.cat\/ieslajonquera\/wp-content\/uploads\/usu2014\/2020\/12\/IMG-20201221-WA0001-227x300.jpg\" alt=\"\" width=\"366\" height=\"483\" srcset=\"https:\/\/agora.xtec.cat\/ieslajonquera\/wp-content\/uploads\/usu2014\/2020\/12\/IMG-20201221-WA0001-227x300.jpg 227w, https:\/\/agora.xtec.cat\/ieslajonquera\/wp-content\/uploads\/usu2014\/2020\/12\/IMG-20201221-WA0001-768x1016.jpg 768w, https:\/\/agora.xtec.cat\/ieslajonquera\/wp-content\/uploads\/usu2014\/2020\/12\/IMG-20201221-WA0001-774x1024.jpg 774w, https:\/\/agora.xtec.cat\/ieslajonquera\/wp-content\/uploads\/usu2014\/2020\/12\/IMG-20201221-WA0001.jpg 1210w\" sizes=\"auto, (max-width: 366px) 100vw, 366px\" \/><\/a> Il\u00b7lustraci\u00f3 de Narc\u00eds Coderch i Roger Comas<\/p>\n<p>&nbsp;<\/p>\n<p>&nbsp;<\/p>\n<p>&nbsp;<\/td>\n<\/tr>\n<\/tbody>\n<\/table>\n<p>&nbsp;<\/p>\n","protected":false},"excerpt":{"rendered":"<p>En Narc\u00eds Coderch, el professor de Visual i Pl\u00e0stica, us felicita les festes amb un poema seu, &#8220;Nost\u00e0lgia&#8221;, i una il\u00b7lustraci\u00f3, &#8220;L&#8217;home dels nassos&#8221;, que ha fet conjuntament amb l&#8217;alumne de 4t A Roger Comas.<\/p>\n<p>NOST\u00c0LGIA<br \/>\nNost\u00e0lgia tena\u00e7,<br \/>\nb\u00e8l\u00b7lua faluga<br \/>\naca\u00e7ant records<br \/>\nd\u2019un passat fuga\u00e7.<br \/>\nGrata mem\u00f2ria,<br \/>\nef\u00edmer enfony,<br \/>\nguardes encara<br \/>\nl\u2019olor dels fogons.<br \/>\nAl&hellip;  <a href=\"https:\/\/agora.xtec.cat\/ieslajonquera\/general\/nostalgia-i-lhome-dels-nassos\/\" title=\"Read Nost\u00e0lgia i L&#8217;home dels nassos\">Llegeix m\u00e9s\u00bb<\/a><\/p>\n","protected":false},"author":3,"featured_media":2396,"comment_status":"open","ping_status":"closed","sticky":false,"template":"","format":"standard","meta":{"_bbp_topic_count":0,"_bbp_reply_count":0,"_bbp_total_topic_count":0,"_bbp_total_reply_count":0,"_bbp_voice_count":0,"_bbp_anonymous_reply_count":0,"_bbp_topic_count_hidden":0,"_bbp_reply_count_hidden":0,"_bbp_forum_subforum_count":0,"footnotes":""},"categories":[1],"tags":[133,124],"class_list":["post-2395","post","type-post","status-publish","format-standard","has-post-thumbnail","hentry","category-general","tag-creativitat","tag-literatura"],"post_mailing_queue_ids":[],"_links":{"self":[{"href":"https:\/\/agora.xtec.cat\/ieslajonquera\/wp-json\/wp\/v2\/posts\/2395","targetHints":{"allow":["GET"]}}],"collection":[{"href":"https:\/\/agora.xtec.cat\/ieslajonquera\/wp-json\/wp\/v2\/posts"}],"about":[{"href":"https:\/\/agora.xtec.cat\/ieslajonquera\/wp-json\/wp\/v2\/types\/post"}],"author":[{"embeddable":true,"href":"https:\/\/agora.xtec.cat\/ieslajonquera\/wp-json\/wp\/v2\/users\/3"}],"replies":[{"embeddable":true,"href":"https:\/\/agora.xtec.cat\/ieslajonquera\/wp-json\/wp\/v2\/comments?post=2395"}],"version-history":[{"count":1,"href":"https:\/\/agora.xtec.cat\/ieslajonquera\/wp-json\/wp\/v2\/posts\/2395\/revisions"}],"predecessor-version":[{"id":2397,"href":"https:\/\/agora.xtec.cat\/ieslajonquera\/wp-json\/wp\/v2\/posts\/2395\/revisions\/2397"}],"wp:featuredmedia":[{"embeddable":true,"href":"https:\/\/agora.xtec.cat\/ieslajonquera\/wp-json\/wp\/v2\/media\/2396"}],"wp:attachment":[{"href":"https:\/\/agora.xtec.cat\/ieslajonquera\/wp-json\/wp\/v2\/media?parent=2395"}],"wp:term":[{"taxonomy":"category","embeddable":true,"href":"https:\/\/agora.xtec.cat\/ieslajonquera\/wp-json\/wp\/v2\/categories?post=2395"},{"taxonomy":"post_tag","embeddable":true,"href":"https:\/\/agora.xtec.cat\/ieslajonquera\/wp-json\/wp\/v2\/tags?post=2395"}],"curies":[{"name":"wp","href":"https:\/\/api.w.org\/{rel}","templated":true}]}}