{"id":2352,"date":"2020-12-09T16:13:03","date_gmt":"2020-12-09T15:13:03","guid":{"rendered":"https:\/\/agora.xtec.cat\/ieslajonquera\/?p=2352"},"modified":"2020-12-09T16:51:19","modified_gmt":"2020-12-09T15:51:19","slug":"nomes-per-residents-o-treballadors-a-la-jonquera","status":"publish","type":"post","link":"https:\/\/agora.xtec.cat\/ieslajonquera\/general\/nomes-per-residents-o-treballadors-a-la-jonquera\/","title":{"rendered":"Cribratge de Covid-19 per residents o treballadors a la Jonquera"},"content":{"rendered":"<div class=\"title\">\n<table>\n<tbody>\n<tr>\n<td style=\"width: 256px;\"><a href=\"https:\/\/agora.xtec.cat\/ieslajonquera\/wp-content\/uploads\/usu2014\/2020\/12\/flyer-La-Jonquera_page-0001-2-e1607528918194.jpg\"><img loading=\"lazy\" decoding=\"async\" class=\"aligncenter wp-image-2361\" src=\"https:\/\/agora.xtec.cat\/ieslajonquera\/wp-content\/uploads\/usu2014\/2020\/12\/flyer-La-Jonquera_page-0001-2-212x300.jpg\" alt=\"\" width=\"253\" height=\"358\" \/><\/a><\/td>\n<td style=\"width: 732px;\">Escolteu la <a href=\"https:\/\/drive.google.com\/file\/d\/1Efbi_oDvP3v0YFRsWdnzKWPFYg0WtRcU\/view?usp=sharing\">not\u00edcia en \u00e0rab<\/a>.<\/p>\n<p>&nbsp;<\/p>\n<div class=\"title\">\n<p>El Departament de Salut convoca aquesta setmana un cribratge intensiu de Covid-19 a la Jonquera.<\/p>\n<\/div>\n<div class=\"content\">\n<p><strong>Amb la finalitat de tallar les cadenes de transmissi\u00f3, el dijous 10 i el divendres 11 de desembre es faran les proves de detecci\u00f3 amb testos antig\u00e8nics r\u00e0pids (TAR) a persones asimptom\u00e0tiques majors de 16 anys.<\/strong><\/p>\n<p>Les proves es faran en dos dies, el dijous 10 i el divendres 11 de desembre, en l\u2019horari i espai seg\u00fcents:<\/p>\n<p>\u2022 Horari: De 10h a 14h i de 15h a 19h<\/p>\n<p>\u2022 Lloc: Sala La Societat (C\/Major, 101)<\/p>\n<p>La mesura est\u00e0 dirigida a la <strong>poblaci\u00f3 asimptom\u00e0tica<\/strong> de m\u00e9s de 16 anys, amb la finalitat de frenar l\u2019expansi\u00f3 del virus i trencar les possibles cadenes de transmissi\u00f3 comunit\u00e0ria.<\/p>\n<p>Les proves per a la detecci\u00f3 de la Covid-19 a les <strong>persones amb s\u00edmptomes<\/strong> es continuen fent, com fins ara, als centres d\u2019atenci\u00f3 prim\u00e0ria (CAP) i als centres d\u2019urg\u00e8ncies d\u2019atenci\u00f3 prim\u00e0ria (CUAP).<\/p>\n<\/div>\n<\/td>\n<\/tr>\n<\/tbody>\n<\/table>\n<p>&nbsp;<\/p>\n<p>&nbsp;<\/p>\n<\/div>\n<div class=\"content\">\n<p style=\"text-align: justify;\">\n<\/div>\n","protected":false},"excerpt":{"rendered":"<p><a href=\"https:\/\/agora.xtec.cat\/ieslajonquera\/wp-content\/uploads\/usu2014\/2020\/12\/flyer-La-Jonquera_page-0001-2-e1607528918194.jpg\"><\/a><br \/>\nEscolteu la <a href=\"https:\/\/drive.google.com\/file\/d\/1Efbi_oDvP3v0YFRsWdnzKWPFYg0WtRcU\/view?usp=sharing\">not\u00edcia en \u00e0rab<\/a>.<br \/>\n&nbsp;<\/p>\n<p>El Departament de Salut convoca aquesta setmana un cribratge intensiu de Covid-19 a la Jonquera.<\/p>\n<p>Amb la finalitat de tallar les cadenes de transmissi\u00f3, el dijous 10 i el divendres 11 de desembre es faran les proves de detecci\u00f3 amb&hellip;  <a href=\"https:\/\/agora.xtec.cat\/ieslajonquera\/general\/nomes-per-residents-o-treballadors-a-la-jonquera\/\" title=\"Read Cribratge de Covid-19 per residents o treballadors a la Jonquera\">Llegeix m\u00e9s\u00bb<\/a><\/p>\n","protected":false},"author":3,"featured_media":2361,"comment_status":"open","ping_status":"closed","sticky":false,"template":"","format":"standard","meta":{"_bbp_topic_count":0,"_bbp_reply_count":0,"_bbp_total_topic_count":0,"_bbp_total_reply_count":0,"_bbp_voice_count":0,"_bbp_anonymous_reply_count":0,"_bbp_topic_count_hidden":0,"_bbp_reply_count_hidden":0,"_bbp_forum_subforum_count":0,"footnotes":""},"categories":[1],"tags":[],"class_list":["post-2352","post","type-post","status-publish","format-standard","has-post-thumbnail","hentry","category-general"],"post_mailing_queue_ids":[],"_links":{"self":[{"href":"https:\/\/agora.xtec.cat\/ieslajonquera\/wp-json\/wp\/v2\/posts\/2352","targetHints":{"allow":["GET"]}}],"collection":[{"href":"https:\/\/agora.xtec.cat\/ieslajonquera\/wp-json\/wp\/v2\/posts"}],"about":[{"href":"https:\/\/agora.xtec.cat\/ieslajonquera\/wp-json\/wp\/v2\/types\/post"}],"author":[{"embeddable":true,"href":"https:\/\/agora.xtec.cat\/ieslajonquera\/wp-json\/wp\/v2\/users\/3"}],"replies":[{"embeddable":true,"href":"https:\/\/agora.xtec.cat\/ieslajonquera\/wp-json\/wp\/v2\/comments?post=2352"}],"version-history":[{"count":4,"href":"https:\/\/agora.xtec.cat\/ieslajonquera\/wp-json\/wp\/v2\/posts\/2352\/revisions"}],"predecessor-version":[{"id":2364,"href":"https:\/\/agora.xtec.cat\/ieslajonquera\/wp-json\/wp\/v2\/posts\/2352\/revisions\/2364"}],"wp:featuredmedia":[{"embeddable":true,"href":"https:\/\/agora.xtec.cat\/ieslajonquera\/wp-json\/wp\/v2\/media\/2361"}],"wp:attachment":[{"href":"https:\/\/agora.xtec.cat\/ieslajonquera\/wp-json\/wp\/v2\/media?parent=2352"}],"wp:term":[{"taxonomy":"category","embeddable":true,"href":"https:\/\/agora.xtec.cat\/ieslajonquera\/wp-json\/wp\/v2\/categories?post=2352"},{"taxonomy":"post_tag","embeddable":true,"href":"https:\/\/agora.xtec.cat\/ieslajonquera\/wp-json\/wp\/v2\/tags?post=2352"}],"curies":[{"name":"wp","href":"https:\/\/api.w.org\/{rel}","templated":true}]}}