{"id":2347,"date":"2020-12-03T11:48:08","date_gmt":"2020-12-03T10:48:08","guid":{"rendered":"https:\/\/agora.xtec.cat\/ieslajonquera\/?p=2347"},"modified":"2020-12-03T15:46:59","modified_gmt":"2020-12-03T14:46:59","slug":"campanya-solidaria-1-origami-1-euro","status":"publish","type":"post","link":"https:\/\/agora.xtec.cat\/ieslajonquera\/general\/campanya-solidaria-1-origami-1-euro\/","title":{"rendered":"Campanya Solid\u00e0ria 1 origami 1 euro"},"content":{"rendered":"<p><a href=\"https:\/\/agora.xtec.cat\/ieslajonquera\/wp-content\/uploads\/usu2014\/2020\/12\/GRUES-WEB.jpg\"><img loading=\"lazy\" decoding=\"async\" class=\"aligncenter wp-image-2348\" src=\"https:\/\/agora.xtec.cat\/ieslajonquera\/wp-content\/uploads\/usu2014\/2020\/12\/GRUES-WEB-300x135.jpg\" alt=\"\" width=\"493\" height=\"222\" srcset=\"https:\/\/agora.xtec.cat\/ieslajonquera\/wp-content\/uploads\/usu2014\/2020\/12\/GRUES-WEB-300x135.jpg 300w, https:\/\/agora.xtec.cat\/ieslajonquera\/wp-content\/uploads\/usu2014\/2020\/12\/GRUES-WEB-768x345.jpg 768w, https:\/\/agora.xtec.cat\/ieslajonquera\/wp-content\/uploads\/usu2014\/2020\/12\/GRUES-WEB-1024x461.jpg 1024w\" sizes=\"auto, (max-width: 493px) 100vw, 493px\" \/><\/a><\/p>\n<p style=\"text-align: justify;\">L&#8217;institut s&#8217;ha adherit a la <a href=\"http:\/\/www.1origami1euro.org\/\">Campanya Solid\u00e0ria 1 origami 1 euro<\/a>, promoguda per la Fundaci\u00f3 MGC, que donar\u00e0 1 euro en benefici de l\u2019entitat que esculli el donant: La Marat\u00f3 de TV3 2020 (dedicada a la COVID-19), l&#8217;ONCOLLIGA o a la Fundaci\u00f3 Enriqueta Villavecchia, fins a un m\u00e0xim de 50.000 \u20ac, per cada grua d&#8217;origami que els alumnes facin des de la seva tutoria. L<span style=\"font-family: inherit; font-size: 1em;\">a donaci\u00f3 es far\u00e0 a l&#8217;Oncolliga i les grues fetes pels alumnes s\u00f3n 246.<\/span><\/p>\n","protected":false},"excerpt":{"rendered":"<p><a href=\"https:\/\/agora.xtec.cat\/ieslajonquera\/wp-content\/uploads\/usu2014\/2020\/12\/GRUES-WEB.jpg\"><\/a><br \/>\nL&#8217;institut s&#8217;ha adherit a la <a href=\"http:\/\/www.1origami1euro.org\/\">Campanya Solid\u00e0ria 1 origami 1 euro<\/a>, promoguda per la Fundaci\u00f3 MGC, que donar\u00e0 1 euro en benefici de l\u2019entitat que esculli el donant: La Marat\u00f3 de TV3 2020 (dedicada a la COVID-19), l&#8217;ONCOLLIGA o a la Fundaci\u00f3 Enriqueta&hellip;  <a href=\"https:\/\/agora.xtec.cat\/ieslajonquera\/general\/campanya-solidaria-1-origami-1-euro\/\" title=\"Read Campanya Solid\u00e0ria 1 origami 1 euro\">Llegeix m\u00e9s\u00bb<\/a><\/p>\n","protected":false},"author":3,"featured_media":2348,"comment_status":"open","ping_status":"closed","sticky":false,"template":"","format":"standard","meta":{"_bbp_topic_count":0,"_bbp_reply_count":0,"_bbp_total_topic_count":0,"_bbp_total_reply_count":0,"_bbp_voice_count":0,"_bbp_anonymous_reply_count":0,"_bbp_topic_count_hidden":0,"_bbp_reply_count_hidden":0,"_bbp_forum_subforum_count":0,"footnotes":""},"categories":[3,1],"tags":[127,122],"class_list":["post-2347","post","type-post","status-publish","format-standard","has-post-thumbnail","hentry","category-eso","category-general","tag-solidaritat","tag-valors"],"post_mailing_queue_ids":[],"_links":{"self":[{"href":"https:\/\/agora.xtec.cat\/ieslajonquera\/wp-json\/wp\/v2\/posts\/2347","targetHints":{"allow":["GET"]}}],"collection":[{"href":"https:\/\/agora.xtec.cat\/ieslajonquera\/wp-json\/wp\/v2\/posts"}],"about":[{"href":"https:\/\/agora.xtec.cat\/ieslajonquera\/wp-json\/wp\/v2\/types\/post"}],"author":[{"embeddable":true,"href":"https:\/\/agora.xtec.cat\/ieslajonquera\/wp-json\/wp\/v2\/users\/3"}],"replies":[{"embeddable":true,"href":"https:\/\/agora.xtec.cat\/ieslajonquera\/wp-json\/wp\/v2\/comments?post=2347"}],"version-history":[{"count":3,"href":"https:\/\/agora.xtec.cat\/ieslajonquera\/wp-json\/wp\/v2\/posts\/2347\/revisions"}],"predecessor-version":[{"id":2351,"href":"https:\/\/agora.xtec.cat\/ieslajonquera\/wp-json\/wp\/v2\/posts\/2347\/revisions\/2351"}],"wp:featuredmedia":[{"embeddable":true,"href":"https:\/\/agora.xtec.cat\/ieslajonquera\/wp-json\/wp\/v2\/media\/2348"}],"wp:attachment":[{"href":"https:\/\/agora.xtec.cat\/ieslajonquera\/wp-json\/wp\/v2\/media?parent=2347"}],"wp:term":[{"taxonomy":"category","embeddable":true,"href":"https:\/\/agora.xtec.cat\/ieslajonquera\/wp-json\/wp\/v2\/categories?post=2347"},{"taxonomy":"post_tag","embeddable":true,"href":"https:\/\/agora.xtec.cat\/ieslajonquera\/wp-json\/wp\/v2\/tags?post=2347"}],"curies":[{"name":"wp","href":"https:\/\/api.w.org\/{rel}","templated":true}]}}