{"id":2337,"date":"2020-11-29T20:06:31","date_gmt":"2020-11-29T19:06:31","guid":{"rendered":"https:\/\/agora.xtec.cat\/ieslajonquera\/?p=2337"},"modified":"2020-11-30T10:04:52","modified_gmt":"2020-11-30T09:04:52","slug":"cartell-presentat-al-22e-premi-pinta-la-marato","status":"publish","type":"post","link":"https:\/\/agora.xtec.cat\/ieslajonquera\/general\/cartell-presentat-al-22e-premi-pinta-la-marato\/","title":{"rendered":"Cartell presentat al 22\u00e8 Premi &#8220;Pinta La Marat\u00f3&#8221;"},"content":{"rendered":"<p style=\"text-align: justify;\">Els alumnes de la mat\u00e8ria d&#8217;Emprenedoria, de 4t d&#8217;ESO, han presentat al 22\u00e8 Premi &#8220;Pinta la Marat\u00f3&#8221; una versi\u00f3 del dibuix de l&#8217;Uma Cabrera, de 1r A, escollit per votaci\u00f3 popular a l&#8217;institut.<\/p>\n<p style=\"text-align: justify;\">Molta sort!<\/p>\n<table>\n<tbody>\n<tr>\n<td><a href=\"https:\/\/agora.xtec.cat\/ieslajonquera\/wp-content\/uploads\/usu2014\/2020\/11\/IMG_20201118_160125-e1605711792826.jpg\"><img loading=\"lazy\" decoding=\"async\" class=\"aligncenter size-medium wp-image-2255\" src=\"https:\/\/agora.xtec.cat\/ieslajonquera\/wp-content\/uploads\/usu2014\/2020\/11\/IMG_20201118_160125-e1605711792826-300x225.jpg\" alt=\"\" width=\"300\" height=\"225\" \/><\/a><\/td>\n<td><a href=\"https:\/\/agora.xtec.cat\/ieslajonquera\/wp-content\/uploads\/usu2014\/2020\/11\/IMG_0183.jpg\"><img loading=\"lazy\" decoding=\"async\" class=\"aligncenter wp-image-2338\" src=\"https:\/\/agora.xtec.cat\/ieslajonquera\/wp-content\/uploads\/usu2014\/2020\/11\/IMG_0183-300x146.jpg\" alt=\"\" width=\"374\" height=\"182\" srcset=\"https:\/\/agora.xtec.cat\/ieslajonquera\/wp-content\/uploads\/usu2014\/2020\/11\/IMG_0183-300x146.jpg 300w, https:\/\/agora.xtec.cat\/ieslajonquera\/wp-content\/uploads\/usu2014\/2020\/11\/IMG_0183-768x374.jpg 768w, https:\/\/agora.xtec.cat\/ieslajonquera\/wp-content\/uploads\/usu2014\/2020\/11\/IMG_0183-1024x498.jpg 1024w\" sizes=\"auto, (max-width: 374px) 100vw, 374px\" \/><\/a><\/p>\n<p style=\"text-align: center;\">Cartell elaborat pel alumnes de 4t d&#8217;Emprenedoria<\/p>\n<\/td>\n<\/tr>\n<\/tbody>\n<\/table>\n","protected":false},"excerpt":{"rendered":"<p>Els alumnes de la mat\u00e8ria d&#8217;Emprenedoria, de 4t d&#8217;ESO, han presentat al 22\u00e8 Premi &#8220;Pinta la Marat\u00f3&#8221; una versi\u00f3 del dibuix de l&#8217;Uma Cabrera, de 1r A, escollit per votaci\u00f3 popular a l&#8217;institut.<br \/>\nMolta sort!<\/p>\n<p><a href=\"https:\/\/agora.xtec.cat\/ieslajonquera\/wp-content\/uploads\/usu2014\/2020\/11\/IMG_20201118_160125-e1605711792826.jpg\"><\/a><br \/>\n<a href=\"https:\/\/agora.xtec.cat\/ieslajonquera\/wp-content\/uploads\/usu2014\/2020\/11\/IMG_0183.jpg\"><\/a><br \/>\nCartell elaborat pel alumnes de 4t d&#8217;Emprenedoria<\/p>\n","protected":false},"author":3,"featured_media":2338,"comment_status":"open","ping_status":"closed","sticky":false,"template":"","format":"standard","meta":{"_bbp_topic_count":0,"_bbp_reply_count":0,"_bbp_total_topic_count":0,"_bbp_total_reply_count":0,"_bbp_voice_count":0,"_bbp_anonymous_reply_count":0,"_bbp_topic_count_hidden":0,"_bbp_reply_count_hidden":0,"_bbp_forum_subforum_count":0,"footnotes":""},"categories":[3,1],"tags":[106,133],"class_list":["post-2337","post","type-post","status-publish","format-standard","has-post-thumbnail","hentry","category-eso","category-general","tag-concurs","tag-creativitat"],"post_mailing_queue_ids":[],"_links":{"self":[{"href":"https:\/\/agora.xtec.cat\/ieslajonquera\/wp-json\/wp\/v2\/posts\/2337","targetHints":{"allow":["GET"]}}],"collection":[{"href":"https:\/\/agora.xtec.cat\/ieslajonquera\/wp-json\/wp\/v2\/posts"}],"about":[{"href":"https:\/\/agora.xtec.cat\/ieslajonquera\/wp-json\/wp\/v2\/types\/post"}],"author":[{"embeddable":true,"href":"https:\/\/agora.xtec.cat\/ieslajonquera\/wp-json\/wp\/v2\/users\/3"}],"replies":[{"embeddable":true,"href":"https:\/\/agora.xtec.cat\/ieslajonquera\/wp-json\/wp\/v2\/comments?post=2337"}],"version-history":[{"count":2,"href":"https:\/\/agora.xtec.cat\/ieslajonquera\/wp-json\/wp\/v2\/posts\/2337\/revisions"}],"predecessor-version":[{"id":2346,"href":"https:\/\/agora.xtec.cat\/ieslajonquera\/wp-json\/wp\/v2\/posts\/2337\/revisions\/2346"}],"wp:featuredmedia":[{"embeddable":true,"href":"https:\/\/agora.xtec.cat\/ieslajonquera\/wp-json\/wp\/v2\/media\/2338"}],"wp:attachment":[{"href":"https:\/\/agora.xtec.cat\/ieslajonquera\/wp-json\/wp\/v2\/media?parent=2337"}],"wp:term":[{"taxonomy":"category","embeddable":true,"href":"https:\/\/agora.xtec.cat\/ieslajonquera\/wp-json\/wp\/v2\/categories?post=2337"},{"taxonomy":"post_tag","embeddable":true,"href":"https:\/\/agora.xtec.cat\/ieslajonquera\/wp-json\/wp\/v2\/tags?post=2337"}],"curies":[{"name":"wp","href":"https:\/\/api.w.org\/{rel}","templated":true}]}}