{"id":2329,"date":"2020-11-23T08:54:18","date_gmt":"2020-11-23T07:54:18","guid":{"rendered":"https:\/\/agora.xtec.cat\/ieslajonquera\/?p=2329"},"modified":"2020-11-23T08:54:35","modified_gmt":"2020-11-23T07:54:35","slug":"acompanyament-als-alumnes-de-2n-deso","status":"publish","type":"post","link":"https:\/\/agora.xtec.cat\/ieslajonquera\/general\/acompanyament-als-alumnes-de-2n-deso\/","title":{"rendered":"Acompanyament als alumnes de 2n d&#8217;ESO"},"content":{"rendered":"<p dir=\"auto\" style=\"text-align: justify;\">Des de l&#8217;<a href=\"http:\/\/www.ranura.org\/\">Associaci\u00f3 Ranura<\/a> s&#8217;est\u00e0 fent un acompanyament de dues hores setmanals als dos grups de 2n d&#8217;ESO amb l&#8217;objectiu de revisar la comunicaci\u00f3, l&#8217;assertivitat, la cohesi\u00f3 grupal i la gesti\u00f3 dels conflictes que es poden donar a l&#8217;aula.<\/p>\n<p dir=\"auto\" style=\"text-align: justify;\">Aquest acompanyament es porta a terme a trav\u00e9s de propostes que els possibiliten tenir experi\u00e8ncies que els ajudin a reflexionar, a aprendre altres formes d&#8217;estar en el grup i en relaci\u00f3 en forma de din\u00e0miques que moltes vegades es fan al pati.<\/p>\n<p dir=\"auto\">Podeu veure m\u00e9s fotos d&#8217;algunes activitats <a href=\"https:\/\/drive.google.com\/drive\/folders\/1SpQB_W8u-2EXWadgeI76OvbJAzS5xhrH?usp=sharing\">aqu\u00ed<\/a>.<\/p>\n<p dir=\"auto\"><a href=\"https:\/\/agora.xtec.cat\/ieslajonquera\/wp-content\/uploads\/usu2014\/2020\/11\/IMG-20201120-WA0007.jpg\"><img loading=\"lazy\" decoding=\"async\" class=\"aligncenter wp-image-2330\" src=\"https:\/\/agora.xtec.cat\/ieslajonquera\/wp-content\/uploads\/usu2014\/2020\/11\/IMG-20201120-WA0007-300x225.jpg\" alt=\"\" width=\"484\" height=\"363\" srcset=\"https:\/\/agora.xtec.cat\/ieslajonquera\/wp-content\/uploads\/usu2014\/2020\/11\/IMG-20201120-WA0007-300x225.jpg 300w, https:\/\/agora.xtec.cat\/ieslajonquera\/wp-content\/uploads\/usu2014\/2020\/11\/IMG-20201120-WA0007-768x576.jpg 768w, https:\/\/agora.xtec.cat\/ieslajonquera\/wp-content\/uploads\/usu2014\/2020\/11\/IMG-20201120-WA0007-1024x768.jpg 1024w, https:\/\/agora.xtec.cat\/ieslajonquera\/wp-content\/uploads\/usu2014\/2020\/11\/IMG-20201120-WA0007-200x150.jpg 200w, https:\/\/agora.xtec.cat\/ieslajonquera\/wp-content\/uploads\/usu2014\/2020\/11\/IMG-20201120-WA0007.jpg 2048w\" sizes=\"auto, (max-width: 484px) 100vw, 484px\" \/><\/a><\/p>\n","protected":false},"excerpt":{"rendered":"<p>Des de l&#8217;<a href=\"http:\/\/www.ranura.org\/\">Associaci\u00f3 Ranura<\/a> s&#8217;est\u00e0 fent un acompanyament de dues hores setmanals als dos grups de 2n d&#8217;ESO amb l&#8217;objectiu de revisar la comunicaci\u00f3, l&#8217;assertivitat, la cohesi\u00f3 grupal i la gesti\u00f3 dels conflictes que es poden donar a l&#8217;aula.<br \/>\nAquest acompanyament es porta a terme&hellip;  <a href=\"https:\/\/agora.xtec.cat\/ieslajonquera\/general\/acompanyament-als-alumnes-de-2n-deso\/\" title=\"Read Acompanyament als alumnes de 2n d&#8217;ESO\">Llegeix m\u00e9s\u00bb<\/a><\/p>\n","protected":false},"author":3,"featured_media":2330,"comment_status":"open","ping_status":"closed","sticky":false,"template":"","format":"standard","meta":{"_bbp_topic_count":0,"_bbp_reply_count":0,"_bbp_total_topic_count":0,"_bbp_total_reply_count":0,"_bbp_voice_count":0,"_bbp_anonymous_reply_count":0,"_bbp_topic_count_hidden":0,"_bbp_reply_count_hidden":0,"_bbp_forum_subforum_count":0,"footnotes":""},"categories":[1],"tags":[120,116],"class_list":["post-2329","post","type-post","status-publish","format-standard","has-post-thumbnail","hentry","category-general","tag-convivencia","tag-dinamiques"],"post_mailing_queue_ids":[],"_links":{"self":[{"href":"https:\/\/agora.xtec.cat\/ieslajonquera\/wp-json\/wp\/v2\/posts\/2329","targetHints":{"allow":["GET"]}}],"collection":[{"href":"https:\/\/agora.xtec.cat\/ieslajonquera\/wp-json\/wp\/v2\/posts"}],"about":[{"href":"https:\/\/agora.xtec.cat\/ieslajonquera\/wp-json\/wp\/v2\/types\/post"}],"author":[{"embeddable":true,"href":"https:\/\/agora.xtec.cat\/ieslajonquera\/wp-json\/wp\/v2\/users\/3"}],"replies":[{"embeddable":true,"href":"https:\/\/agora.xtec.cat\/ieslajonquera\/wp-json\/wp\/v2\/comments?post=2329"}],"version-history":[{"count":1,"href":"https:\/\/agora.xtec.cat\/ieslajonquera\/wp-json\/wp\/v2\/posts\/2329\/revisions"}],"predecessor-version":[{"id":2331,"href":"https:\/\/agora.xtec.cat\/ieslajonquera\/wp-json\/wp\/v2\/posts\/2329\/revisions\/2331"}],"wp:featuredmedia":[{"embeddable":true,"href":"https:\/\/agora.xtec.cat\/ieslajonquera\/wp-json\/wp\/v2\/media\/2330"}],"wp:attachment":[{"href":"https:\/\/agora.xtec.cat\/ieslajonquera\/wp-json\/wp\/v2\/media?parent=2329"}],"wp:term":[{"taxonomy":"category","embeddable":true,"href":"https:\/\/agora.xtec.cat\/ieslajonquera\/wp-json\/wp\/v2\/categories?post=2329"},{"taxonomy":"post_tag","embeddable":true,"href":"https:\/\/agora.xtec.cat\/ieslajonquera\/wp-json\/wp\/v2\/tags?post=2329"}],"curies":[{"name":"wp","href":"https:\/\/api.w.org\/{rel}","templated":true}]}}