{"id":2149,"date":"2020-10-22T22:11:48","date_gmt":"2020-10-22T20:11:48","guid":{"rendered":"https:\/\/agora.xtec.cat\/ieslajonquera\/?p=2149"},"modified":"2020-10-22T22:11:48","modified_gmt":"2020-10-22T20:11:48","slug":"22e-concurs-pinta-la-marato","status":"publish","type":"post","link":"https:\/\/agora.xtec.cat\/ieslajonquera\/general\/22e-concurs-pinta-la-marato\/","title":{"rendered":"22\u00e8 concurs &#8220;Pinta La Marat\u00f3&#8221;"},"content":{"rendered":"<p style=\"text-align: justify;\"><a href=\"https:\/\/agora.xtec.cat\/ieslajonquera\/wp-content\/uploads\/usu2014\/2020\/10\/La-Marat\u00f3.jpg\"><img loading=\"lazy\" decoding=\"async\" class=\"aligncenter wp-image-2150\" src=\"https:\/\/agora.xtec.cat\/ieslajonquera\/wp-content\/uploads\/usu2014\/2020\/10\/La-Marat\u00f3-300x152.jpg\" alt=\"\" width=\"383\" height=\"194\" \/><\/a>Els mitjans de la Corporaci\u00f3 Catalana de Mitjans Audiovisuals i la Fundaci\u00f3 La Marat\u00f3 de TV3, juntament amb el Departament de Treball, Afers Socials i Fam\u00edlies, convoquen el 22\u00e8 concurs \u201c<a href=\"http:\/\/statics.ccma.cat\/multimedia\/pdf\/5\/8\/1602567576285.pdf\">PINTA LA MARAT\u00d3<\/a>\u201d, amb l\u2019objectiu de fomentar la solidaritat i el coneixement dels joves sobre la COVID-19, que centrar\u00e0 La Marat\u00f3 2020. El concurs finalitza el 30 de novembre.<\/p>\n<p style=\"text-align: justify;\">Es concedir\u00e0 el 22\u00e8 Premi \u201cPinta La Marat\u00f3\u201d al cartell que millor tracti el concepte de la COVID-19, que centrar\u00e0 La Marat\u00f3 del 2020, alhora que es valorar\u00e0 la sensibilitat humana i art\u00edstica dels alumnes.<\/p>\n<p style=\"text-align: justify;\"><strong>En el nostre centre, el concurs t\u00e9 les caracter\u00edstiques seg\u00fcents:<\/strong><\/p>\n<ul style=\"list-style-type: square;\">\n<li style=\"text-align: justify;\">\u00c9s voluntari.<\/li>\n<li style=\"text-align: justify;\">Es far\u00e0 a casa manualment (no digitalment) en suport DIN-A4 horitzontal (cal deixar marges a dalt, baix i costats).<\/li>\n<li style=\"text-align: justify;\">Es lliura el <strong>dia 5 de novembre<\/strong> a l&#8217;hora de tutoria.<\/li>\n<li style=\"text-align: justify;\">Durant una setmana les propostes seran exposades numerades al passad\u00eds de la planta baixa.<\/li>\n<li style=\"text-align: justify;\">El dia 12 de novembre, a l&#8217;hora de tutoria, es votar\u00e0 individualment l&#8217;obra que m\u00e9s hagi agradat.<\/li>\n<li style=\"text-align: justify;\">El dia 13 de novembre es proclamar\u00e0 l&#8217;obra guanyadora.<\/li>\n<li style=\"text-align: justify;\">Durant dues setmanes els alumnes d&#8217;Emprenedoria, de 4tESO, projectaran el disseny guanyador en un mural de 2 x 1 m, que ser\u00e0 el que es presentar\u00e0 a concurs.<\/li>\n<\/ul>\n","protected":false},"excerpt":{"rendered":"<p><a href=\"https:\/\/agora.xtec.cat\/ieslajonquera\/wp-content\/uploads\/usu2014\/2020\/10\/La-Marat\u00f3.jpg\"><\/a>Els mitjans de la Corporaci\u00f3 Catalana de Mitjans Audiovisuals i la Fundaci\u00f3 La Marat\u00f3 de TV3, juntament amb el Departament de Treball, Afers Socials i Fam\u00edlies, convoquen el 22\u00e8 concurs \u201c<a href=\"http:\/\/statics.ccma.cat\/multimedia\/pdf\/5\/8\/1602567576285.pdf\">PINTA LA MARAT\u00d3<\/a>\u201d, amb l\u2019objectiu de fomentar la solidaritat i el coneixement dels&hellip;  <a href=\"https:\/\/agora.xtec.cat\/ieslajonquera\/general\/22e-concurs-pinta-la-marato\/\" title=\"Read 22\u00e8 concurs &#8220;Pinta La Marat\u00f3&#8221;\">Llegeix m\u00e9s\u00bb<\/a><\/p>\n","protected":false},"author":3,"featured_media":0,"comment_status":"open","ping_status":"closed","sticky":false,"template":"","format":"standard","meta":{"_bbp_topic_count":0,"_bbp_reply_count":0,"_bbp_total_topic_count":0,"_bbp_total_reply_count":0,"_bbp_voice_count":0,"_bbp_anonymous_reply_count":0,"_bbp_topic_count_hidden":0,"_bbp_reply_count_hidden":0,"_bbp_forum_subforum_count":0,"footnotes":""},"categories":[3,1],"tags":[106,133],"class_list":["post-2149","post","type-post","status-publish","format-standard","hentry","category-eso","category-general","tag-concurs","tag-creativitat"],"post_mailing_queue_ids":[],"_links":{"self":[{"href":"https:\/\/agora.xtec.cat\/ieslajonquera\/wp-json\/wp\/v2\/posts\/2149","targetHints":{"allow":["GET"]}}],"collection":[{"href":"https:\/\/agora.xtec.cat\/ieslajonquera\/wp-json\/wp\/v2\/posts"}],"about":[{"href":"https:\/\/agora.xtec.cat\/ieslajonquera\/wp-json\/wp\/v2\/types\/post"}],"author":[{"embeddable":true,"href":"https:\/\/agora.xtec.cat\/ieslajonquera\/wp-json\/wp\/v2\/users\/3"}],"replies":[{"embeddable":true,"href":"https:\/\/agora.xtec.cat\/ieslajonquera\/wp-json\/wp\/v2\/comments?post=2149"}],"version-history":[{"count":2,"href":"https:\/\/agora.xtec.cat\/ieslajonquera\/wp-json\/wp\/v2\/posts\/2149\/revisions"}],"predecessor-version":[{"id":2152,"href":"https:\/\/agora.xtec.cat\/ieslajonquera\/wp-json\/wp\/v2\/posts\/2149\/revisions\/2152"}],"wp:attachment":[{"href":"https:\/\/agora.xtec.cat\/ieslajonquera\/wp-json\/wp\/v2\/media?parent=2149"}],"wp:term":[{"taxonomy":"category","embeddable":true,"href":"https:\/\/agora.xtec.cat\/ieslajonquera\/wp-json\/wp\/v2\/categories?post=2149"},{"taxonomy":"post_tag","embeddable":true,"href":"https:\/\/agora.xtec.cat\/ieslajonquera\/wp-json\/wp\/v2\/tags?post=2149"}],"curies":[{"name":"wp","href":"https:\/\/api.w.org\/{rel}","templated":true}]}}