{"id":2131,"date":"2020-10-08T16:26:12","date_gmt":"2020-10-08T14:26:12","guid":{"rendered":"https:\/\/agora.xtec.cat\/ieslajonquera\/?p=2131"},"modified":"2020-10-09T21:53:39","modified_gmt":"2020-10-09T19:53:39","slug":"taller-xoc-de-realitat-a-4t-deso","status":"publish","type":"post","link":"https:\/\/agora.xtec.cat\/ieslajonquera\/general\/taller-xoc-de-realitat-a-4t-deso\/","title":{"rendered":"Taller &#8220;Xoc de realitat&#8221; a 4t d&#8217;ESO"},"content":{"rendered":"<p style=\"text-align: justify;\">Els alumnes de 4t d&#8217;ESO participen al taller &#8220;Xoc de realitat&#8221;, organitzat per les t\u00e8cniques de l&#8217;Oficina Jove del Consell Comarcal de l&#8217;Alt Empord\u00e0, en qu\u00e8 es treballen les diferents opcions acad\u00e8miques, professionals i vitals un cop finalitzat l&#8217;ensenyament obligatori.<\/p>\n<table>\n<tbody>\n<tr>\n<td><a href=\"https:\/\/agora.xtec.cat\/ieslajonquera\/wp-content\/uploads\/usu2014\/2020\/10\/IMG_20201008_120548.jpg\"><img loading=\"lazy\" decoding=\"async\" class=\" wp-image-2134\" src=\"https:\/\/agora.xtec.cat\/ieslajonquera\/wp-content\/uploads\/usu2014\/2020\/10\/IMG_20201008_120548-271x300.jpg\" alt=\"\" width=\"172\" height=\"190\" \/><\/a><\/td>\n<td><a href=\"https:\/\/agora.xtec.cat\/ieslajonquera\/wp-content\/uploads\/usu2014\/2020\/10\/IMG_20201008_120454.jpg\"><img loading=\"lazy\" decoding=\"async\" class=\" wp-image-2133\" src=\"https:\/\/agora.xtec.cat\/ieslajonquera\/wp-content\/uploads\/usu2014\/2020\/10\/IMG_20201008_120454-300x237.jpg\" alt=\"\" width=\"246\" height=\"194\" \/><\/a><\/td>\n<td><a href=\"https:\/\/agora.xtec.cat\/ieslajonquera\/wp-content\/uploads\/usu2014\/2020\/10\/IMG_20201008_120702.jpg\"><img loading=\"lazy\" decoding=\"async\" class=\" wp-image-2132\" src=\"https:\/\/agora.xtec.cat\/ieslajonquera\/wp-content\/uploads\/usu2014\/2020\/10\/IMG_20201008_120702-300x263.jpg\" alt=\"\" width=\"224\" height=\"197\" \/><\/a><\/td>\n<\/tr>\n<\/tbody>\n<\/table>\n<p>&nbsp;<\/p>\n","protected":false},"excerpt":{"rendered":"<p>Els alumnes de 4t d&#8217;ESO participen al taller &#8220;Xoc de realitat&#8221;, organitzat per les t\u00e8cniques de l&#8217;Oficina Jove del Consell Comarcal de l&#8217;Alt Empord\u00e0, en qu\u00e8 es treballen les diferents opcions acad\u00e8miques, professionals i vitals un cop finalitzat l&#8217;ensenyament obligatori.<\/p>\n<p><a href=\"https:\/\/agora.xtec.cat\/ieslajonquera\/wp-content\/uploads\/usu2014\/2020\/10\/IMG_20201008_120548.jpg\"><\/a><br \/>\n<a href=\"https:\/\/agora.xtec.cat\/ieslajonquera\/wp-content\/uploads\/usu2014\/2020\/10\/IMG_20201008_120454.jpg\"><\/a><br \/>\n<a href=\"https:\/\/agora.xtec.cat\/ieslajonquera\/wp-content\/uploads\/usu2014\/2020\/10\/IMG_20201008_120702.jpg\"><\/a><\/p>\n<p>&nbsp;<\/p>\n","protected":false},"author":3,"featured_media":0,"comment_status":"open","ping_status":"closed","sticky":false,"template":"","format":"standard","meta":{"_bbp_topic_count":0,"_bbp_reply_count":0,"_bbp_total_topic_count":0,"_bbp_total_reply_count":0,"_bbp_voice_count":0,"_bbp_anonymous_reply_count":0,"_bbp_topic_count_hidden":0,"_bbp_reply_count_hidden":0,"_bbp_forum_subforum_count":0,"footnotes":""},"categories":[7,3,1],"tags":[],"class_list":["post-2131","post","type-post","status-publish","format-standard","hentry","category-eso-4","category-eso","category-general"],"post_mailing_queue_ids":[],"_links":{"self":[{"href":"https:\/\/agora.xtec.cat\/ieslajonquera\/wp-json\/wp\/v2\/posts\/2131","targetHints":{"allow":["GET"]}}],"collection":[{"href":"https:\/\/agora.xtec.cat\/ieslajonquera\/wp-json\/wp\/v2\/posts"}],"about":[{"href":"https:\/\/agora.xtec.cat\/ieslajonquera\/wp-json\/wp\/v2\/types\/post"}],"author":[{"embeddable":true,"href":"https:\/\/agora.xtec.cat\/ieslajonquera\/wp-json\/wp\/v2\/users\/3"}],"replies":[{"embeddable":true,"href":"https:\/\/agora.xtec.cat\/ieslajonquera\/wp-json\/wp\/v2\/comments?post=2131"}],"version-history":[{"count":2,"href":"https:\/\/agora.xtec.cat\/ieslajonquera\/wp-json\/wp\/v2\/posts\/2131\/revisions"}],"predecessor-version":[{"id":2136,"href":"https:\/\/agora.xtec.cat\/ieslajonquera\/wp-json\/wp\/v2\/posts\/2131\/revisions\/2136"}],"wp:attachment":[{"href":"https:\/\/agora.xtec.cat\/ieslajonquera\/wp-json\/wp\/v2\/media?parent=2131"}],"wp:term":[{"taxonomy":"category","embeddable":true,"href":"https:\/\/agora.xtec.cat\/ieslajonquera\/wp-json\/wp\/v2\/categories?post=2131"},{"taxonomy":"post_tag","embeddable":true,"href":"https:\/\/agora.xtec.cat\/ieslajonquera\/wp-json\/wp\/v2\/tags?post=2131"}],"curies":[{"name":"wp","href":"https:\/\/api.w.org\/{rel}","templated":true}]}}