{"id":2120,"date":"2020-10-07T10:08:04","date_gmt":"2020-10-07T08:08:04","guid":{"rendered":"https:\/\/agora.xtec.cat\/ieslajonquera\/?p=2120"},"modified":"2020-10-07T13:40:37","modified_gmt":"2020-10-07T11:40:37","slug":"vaga-de-professorat","status":"publish","type":"post","link":"https:\/\/agora.xtec.cat\/ieslajonquera\/general\/vaga-de-professorat\/","title":{"rendered":"Vaga de professorat"},"content":{"rendered":"<p style=\"text-align: justify;\"><b>CIRCULAR INFORMATIVA<\/b><\/p>\n<p style=\"text-align: justify;\"><span style=\"font-weight: 400;\">Benvolgudes fam\u00edlies,<\/span><\/p>\n<p style=\"text-align: justify;\"><span style=\"font-weight: 400;\">Us informem que, els propers <\/span><span style=\"font-weight: 400;\">divendres 9 i dijous 15 d\u2019octubre<\/span><span style=\"font-weight: 400;\">, hi ha una <\/span><b>convocat\u00f2ria de vaga i pot ser que el professorat del centre la segueixi.<\/b><\/p>\n<p style=\"text-align: justify;\"><span style=\"font-weight: 400;\">El nostre centre, seguint les disposicions del Departament d\u2019Educaci\u00f3, <\/span><b>garanteix<\/b><span style=\"font-weight: 400;\"> l\u2019obertura i l\u2019atenci\u00f3 dels <\/span><b>serveis m\u00ednims<\/b><span style=\"font-weight: 400;\"> amb un membre de l\u2019equip directiu.<\/span><\/p>\n<p style=\"text-align: justify;\"><span style=\"font-weight: 400;\">Donada la situaci\u00f3 sanit\u00e0ria actual, per la pand\u00e8mia de Covid-19, i per tal de no comprometre la tra\u00e7abilitat del centre, no s\u2019atendr\u00e0 a pares que vinguin a buscar alumnes durant el mat\u00ed a causa de la vaga.<\/span><\/p>\n<p style=\"text-align: justify;\"><span style=\"font-weight: 400;\">Restem a la vostra disposici\u00f3.<\/span><\/p>\n<p style=\"text-align: justify;\"><span style=\"font-weight: 400;\">L\u2019equip directiu<\/span><\/p>\n<p style=\"text-align: justify;\"><span style=\"font-weight: 400;\">La Jonquera, 7 d\u2019octubre de 2020<\/span><\/p>\n","protected":false},"excerpt":{"rendered":"<p>CIRCULAR INFORMATIVA<br \/>\nBenvolgudes fam\u00edlies,<br \/>\nUs informem que, els propers divendres 9 i dijous 15 d\u2019octubre, hi ha una convocat\u00f2ria de vaga i pot ser que el professorat del centre la segueixi.<br \/>\nEl nostre centre, seguint les disposicions del Departament d\u2019Educaci\u00f3, garanteix l\u2019obertura i l\u2019atenci\u00f3 dels serveis m\u00ednims amb&hellip;  <a href=\"https:\/\/agora.xtec.cat\/ieslajonquera\/general\/vaga-de-professorat\/\" title=\"Read Vaga de professorat\">Llegeix m\u00e9s\u00bb<\/a><\/p>\n","protected":false},"author":1,"featured_media":0,"comment_status":"open","ping_status":"closed","sticky":false,"template":"","format":"standard","meta":{"_bbp_topic_count":0,"_bbp_reply_count":0,"_bbp_total_topic_count":0,"_bbp_total_reply_count":0,"_bbp_voice_count":0,"_bbp_anonymous_reply_count":0,"_bbp_topic_count_hidden":0,"_bbp_reply_count_hidden":0,"_bbp_forum_subforum_count":0,"footnotes":""},"categories":[1],"tags":[],"class_list":["post-2120","post","type-post","status-publish","format-standard","hentry","category-general"],"post_mailing_queue_ids":[],"_links":{"self":[{"href":"https:\/\/agora.xtec.cat\/ieslajonquera\/wp-json\/wp\/v2\/posts\/2120","targetHints":{"allow":["GET"]}}],"collection":[{"href":"https:\/\/agora.xtec.cat\/ieslajonquera\/wp-json\/wp\/v2\/posts"}],"about":[{"href":"https:\/\/agora.xtec.cat\/ieslajonquera\/wp-json\/wp\/v2\/types\/post"}],"author":[{"embeddable":true,"href":"https:\/\/agora.xtec.cat\/ieslajonquera\/wp-json\/wp\/v2\/users\/1"}],"replies":[{"embeddable":true,"href":"https:\/\/agora.xtec.cat\/ieslajonquera\/wp-json\/wp\/v2\/comments?post=2120"}],"version-history":[{"count":2,"href":"https:\/\/agora.xtec.cat\/ieslajonquera\/wp-json\/wp\/v2\/posts\/2120\/revisions"}],"predecessor-version":[{"id":2122,"href":"https:\/\/agora.xtec.cat\/ieslajonquera\/wp-json\/wp\/v2\/posts\/2120\/revisions\/2122"}],"wp:attachment":[{"href":"https:\/\/agora.xtec.cat\/ieslajonquera\/wp-json\/wp\/v2\/media?parent=2120"}],"wp:term":[{"taxonomy":"category","embeddable":true,"href":"https:\/\/agora.xtec.cat\/ieslajonquera\/wp-json\/wp\/v2\/categories?post=2120"},{"taxonomy":"post_tag","embeddable":true,"href":"https:\/\/agora.xtec.cat\/ieslajonquera\/wp-json\/wp\/v2\/tags?post=2120"}],"curies":[{"name":"wp","href":"https:\/\/api.w.org\/{rel}","templated":true}]}}